{"id":35940,"date":"2021-09-29T08:49:47","date_gmt":"2021-09-29T11:49:47","guid":{"rendered":"http:\/\/www.sincomam.org.br\/?p=35940"},"modified":"2021-09-29T08:49:47","modified_gmt":"2021-09-29T11:49:47","slug":"petrobras-anuncia-alta-no-preco-do-diesel","status":"publish","type":"post","link":"https:\/\/www.sincomam.org.br\/index.php\/petrobras-anuncia-alta-no-preco-do-diesel\/","title":{"rendered":"Petrobras anuncia alta no pre\u00e7o do diesel"},"content":{"rendered":"<p>A Petrobras anunciou nesta ter\u00e7a-feira (28) que vai elevar o pre\u00e7o do diesel vendido \u00e0s distribuidoras. Com o reajuste, o pre\u00e7o m\u00e9dio de venda do diesel A passa de R$ 2,81 para R$ 3,06 por litro, refletindo reajuste m\u00e9dio de R$ 0,25 por litro. O reajuste entra em vigor nesta quarta-feira (29).<\/p>\n<p>Segundo a Petrobras, a alta de 8,89% vem ap\u00f3s 85 dias de pre\u00e7os est\u00e1veis para o combust\u00edvel \u2013 a \u00faltima alta antes dessa havia sido em 7 de julho passado. A Petrobras n\u00e3o informou reajuste nos pre\u00e7os dos demais combust\u00edveis.<\/p>\n<p>A estatal tamb\u00e9m informa que, com o reajuste, a parcela que corresponde \u00e0 Petrobras no pre\u00e7o pago pelos consumidores na bomba passar\u00e1 a ser de R$ 2,70 por litro em m\u00e9dia, uma alta de R$ 0,22 em rela\u00e7\u00e3o ao valor atual.<\/p>\n<p><strong>Altas esperadas<br \/>\n<\/strong>Na segunda-feira (27), a Petrobras j\u00e1 havia informado que estudava reajuste nos pre\u00e7os dos combust\u00edveis, e reafirmou que n\u00e3o faria mudan\u00e7as em sua pol\u00edtica de pre\u00e7os \u2013 que acompanha os valores do mercado internacional e \u00e9 influenciada tamb\u00e9m pelo c\u00e2mbio. Segundo o presidente da estatal, Joaquim Silva e Luna, o papel de zelar pelos pre\u00e7os dos combust\u00edveis \u00e9 do governo, do Minist\u00e9rio de Minas e Energia, do Minist\u00e9rio da Economia e da Casa Civil.<\/p>\n<p>Segundo levantamento da Ag\u00eancia Nacional do Petr\u00f3leo, G\u00e1s Natural e Biocombust\u00edveis (ANP), o pre\u00e7o m\u00e9dio do litro do diesel no pa\u00eds estava em R$ 4,707 na semana passada, pouco abaixo dos R$ 4,709 registrados na semana passada. De acordo com os dados do \u00cdndice Nacional de Pre\u00e7os ao Consumidor Amplo (IPCA) do IBGE, no acumulado no ano at\u00e9 agosto, o \u00f3leo diesel subiu 28,02% no pa\u00eds. Nesta ter\u00e7a-feira (28), o barril do petr\u00f3leo Brent, refer\u00eancia global, superou a marca de US$ 80 atingindo a maior cota\u00e7\u00e3o desde outubro de 2018.<\/p>\n<p>Fonte: G1<\/p>\n","protected":false},"excerpt":{"rendered":"<p>A Petrobras anunciou nesta ter\u00e7a-feira (28) que vai elevar o pre\u00e7o do diesel vendido \u00e0s distribuidoras. Com o reajuste, o pre\u00e7o m\u00e9dio de venda do&#8230;<\/p>\n","protected":false},"author":1527,"featured_media":28309,"comment_status":"closed","ping_status":"closed","sticky":false,"template":"","format":"standard","meta":{"footnotes":""},"categories":[6],"tags":[],"class_list":["post-35940","post","type-post","status-publish","format-standard","has-post-thumbnail","hentry","category-noticias"],"_links":{"self":[{"href":"https:\/\/www.sincomam.org.br\/index.php\/wp-json\/wp\/v2\/posts\/35940","targetHints":{"allow":["GET"]}}],"collection":[{"href":"https:\/\/www.sincomam.org.br\/index.php\/wp-json\/wp\/v2\/posts"}],"about":[{"href":"https:\/\/www.sincomam.org.br\/index.php\/wp-json\/wp\/v2\/types\/post"}],"author":[{"embeddable":true,"href":"https:\/\/www.sincomam.org.br\/index.php\/wp-json\/wp\/v2\/users\/1527"}],"replies":[{"embeddable":true,"href":"https:\/\/www.sincomam.org.br\/index.php\/wp-json\/wp\/v2\/comments?post=35940"}],"version-history":[{"count":1,"href":"https:\/\/www.sincomam.org.br\/index.php\/wp-json\/wp\/v2\/posts\/35940\/revisions"}],"predecessor-version":[{"id":35941,"href":"https:\/\/www.sincomam.org.br\/index.php\/wp-json\/wp\/v2\/posts\/35940\/revisions\/35941"}],"wp:featuredmedia":[{"embeddable":true,"href":"https:\/\/www.sincomam.org.br\/index.php\/wp-json\/wp\/v2\/media\/28309"}],"wp:attachment":[{"href":"https:\/\/www.sincomam.org.br\/index.php\/wp-json\/wp\/v2\/media?parent=35940"}],"wp:term":[{"taxonomy":"category","embeddable":true,"href":"https:\/\/www.sincomam.org.br\/index.php\/wp-json\/wp\/v2\/categories?post=35940"},{"taxonomy":"post_tag","embeddable":true,"href":"https:\/\/www.sincomam.org.br\/index.php\/wp-json\/wp\/v2\/tags?post=35940"}],"curies":[{"name":"wp","href":"https:\/\/api.w.org\/{rel}","templated":true}]}}