{"id":35929,"date":"2021-09-28T10:16:46","date_gmt":"2021-09-28T13:16:46","guid":{"rendered":"http:\/\/www.sincomam.org.br\/?p=35929"},"modified":"2021-09-28T10:16:46","modified_gmt":"2021-09-28T13:16:46","slug":"resultado-das-eleicoes-na-alemanha-aponta-para-distanciamento-do-brasil-e-do-mercosul","status":"publish","type":"post","link":"https:\/\/www.sincomam.org.br\/index.php\/resultado-das-eleicoes-na-alemanha-aponta-para-distanciamento-do-brasil-e-do-mercosul\/","title":{"rendered":"Resultado das elei\u00e7\u00f5es na Alemanha aponta para distanciamento do Brasil e do Mercosul"},"content":{"rendered":"<p>Em uma disputa bastante acirrada, o Partido Social-Democrata (SPD), de centro-esquerda, venceu as elei\u00e7\u00f5es do \u00faltimo domingo (26) na Alemanha. O candidato Olaf Scholz, atual vice-chanceler e ministro das Finan\u00e7as, tem grandes chances assumir o cargo de primeiro-ministro no lugar de Angela Merkel, que ocupou a posi\u00e7\u00e3o por 16 anos. Mas a alian\u00e7a partid\u00e1ria que vai definir o perfil do novo governo alem\u00e3o est\u00e1 longe de ser costurada. Os analistas, no entanto, d\u00e3o como certo que a agenda ambiental vai ser prioridade para o parlamento rec\u00e9m-eleito, o que pode distanciar ainda mais a rela\u00e7\u00e3o entre a Alemanha e o Mercosul, sobretudo o Brasil.<\/p>\n<p>Desde 2019, os repasses da Alemanha para o Fundo Amaz\u00f4nia est\u00e3o congelados por conta do aumento do desmatamento na regi\u00e3o. As preocupa\u00e7\u00f5es com a conserva\u00e7\u00e3o do meio ambiente tamb\u00e9m afastaram o governo alem\u00e3o de tratativas de livre com\u00e9rcio com o Mercosul. \u201cO Partido Verde deve participar do novo governo e um acordo com o Mercosul vai ficar ainda mais dif\u00edcil\u201d, explica Roberto Attuch, CEO da Ohmresearch.<\/p>\n<p><strong>Sem\u00e1foro x Jamaica<br \/>\n<\/strong>Ainda que tenha ficado em terceiro lugar na vota\u00e7\u00e3o, os Verdes s\u00e3o considerados pe\u00e7a-chave para a coaliz\u00e3o que vai governar a Alemanha, assim como o Partido Liberal-Democr\u00e1tico (FDP), quarto colocado na vota\u00e7\u00e3o de domingo. Na avalia\u00e7\u00e3o do Credit Suisse, existe 60% de probabilidade que o SPD costure uma alian\u00e7a com esses dois partidos, numa coaliz\u00e3o conhecida como \u201csem\u00e1foro\u201d, por conta das cores das legendas. Outra possibilidade, por\u00e9m mais remota, seria uma coaliz\u00e3o \u201cJamaica\u201d, entre Verdes, FDP e o Partido Democrata-Crist\u00e3o (CDU), que perdeu a elei\u00e7\u00e3o geral por menos de um ponto percentual de diferen\u00e7a. O partido de Angela Merkel teve 24,1% enquanto o SPD ganhou com 25,7%. \u201cOs Verdes dever\u00e3o insistir em um aumento substancial do investimento p\u00fablico para que a Alemanha zere emiss\u00f5es de gases\u00a0 do efeito estufa. Por\u00e9m, o FDP \u00e9 contr\u00e1rio a amplia\u00e7\u00e3o de d\u00e9ficits p\u00fablicos e aumento de impostos\u201d, citam os analistas Neville Hill e Sonali Punhani, do Credit Suisse. Eles acreditam que o processo de forma\u00e7\u00e3o da coaliz\u00e3o vai ser mais lento e dif\u00edcil.<\/p>\n<p><strong>Cabo-de-guerra<br \/>\n<\/strong>O Morgan Stanley acredita que pode haver um cabo-de-guerra entre os partidos mais votados pelo terceiro e quarto colocados na elei\u00e7\u00e3o. \u201cExiste uma prefer\u00eancia clara de coopera\u00e7\u00e3o entre SPD e Verdes e entre o CDU e FDP, o que deve resultar em um cabo-de-guerra, no qual partidos de centro-esquerda cortejam o FDP e os de centro-direita cortejam os Verdes\u201d, afirmam Markus Guetschow e Jacob Nell, analistas do banco.<\/p>\n<p>Relat\u00f3rio da XP ressalta que os partidos que devem compor a coaliz\u00e3o de governo n\u00e3o representam uma grande ruptura para a Alemanha. \u201cVale notar que, apesar de representarem agendas distintas, os quatro partidos s\u00e3o centristas e n\u00e3o buscam grandes mudan\u00e7as na pol\u00edtica ou vis\u00e3o econ\u00f4mica do pa\u00eds. A coaliz\u00e3o sem o CDU teria uma tend\u00eancia mais expansionista na seara fiscal, mas essa teria que ser negociada com o FDP, de cunho liberal. Com os Verdes no governo, a agenda ambiental tende a ganhar mais peso na regi\u00e3o\u201d, diz a an\u00e1lise da XP.<\/p>\n<p>De qualquer forma, verdes e liberais j\u00e1 aceitaram negociar um acordo, um sinal de que a coaliza\u00e7\u00e3o pode ser formada mais r\u00e1pido que o esperado. Independentemente da costura pol\u00edtica, os analistas do Credit Suisse dizem que o novo governo deve enfrentar muitos desafios econ\u00f4micos, j\u00e1 que os fundamentos da prosperidade econ\u00f4mica durante a era Merkel n\u00e3o s\u00e3o mais os mesmos. \u201cO cen\u00e1rio de mercado de trabalho, que melhorou substancialmente, e de forte demanda por exporta\u00e7\u00f5es da China est\u00e1 se invertendo. E conseguir zerar as emiss\u00f5es de gases do efeito estufa at\u00e9 2045 requer pol\u00edticas e escolhas financeiras r\u00edgidas\u201d, concluem os analistas.<\/p>\n<p>Fonte: InfoMoney<\/p>\n","protected":false},"excerpt":{"rendered":"<p>Em uma disputa bastante acirrada, o Partido Social-Democrata (SPD), de centro-esquerda, venceu as elei\u00e7\u00f5es do \u00faltimo domingo (26) na Alemanha. O candidato Olaf Scholz, atual&#8230;<\/p>\n","protected":false},"author":1527,"featured_media":19098,"comment_status":"closed","ping_status":"closed","sticky":false,"template":"","format":"standard","meta":{"footnotes":""},"categories":[6],"tags":[],"class_list":["post-35929","post","type-post","status-publish","format-standard","has-post-thumbnail","hentry","category-noticias"],"_links":{"self":[{"href":"https:\/\/www.sincomam.org.br\/index.php\/wp-json\/wp\/v2\/posts\/35929","targetHints":{"allow":["GET"]}}],"collection":[{"href":"https:\/\/www.sincomam.org.br\/index.php\/wp-json\/wp\/v2\/posts"}],"about":[{"href":"https:\/\/www.sincomam.org.br\/index.php\/wp-json\/wp\/v2\/types\/post"}],"author":[{"embeddable":true,"href":"https:\/\/www.sincomam.org.br\/index.php\/wp-json\/wp\/v2\/users\/1527"}],"replies":[{"embeddable":true,"href":"https:\/\/www.sincomam.org.br\/index.php\/wp-json\/wp\/v2\/comments?post=35929"}],"version-history":[{"count":1,"href":"https:\/\/www.sincomam.org.br\/index.php\/wp-json\/wp\/v2\/posts\/35929\/revisions"}],"predecessor-version":[{"id":35930,"href":"https:\/\/www.sincomam.org.br\/index.php\/wp-json\/wp\/v2\/posts\/35929\/revisions\/35930"}],"wp:featuredmedia":[{"embeddable":true,"href":"https:\/\/www.sincomam.org.br\/index.php\/wp-json\/wp\/v2\/media\/19098"}],"wp:attachment":[{"href":"https:\/\/www.sincomam.org.br\/index.php\/wp-json\/wp\/v2\/media?parent=35929"}],"wp:term":[{"taxonomy":"category","embeddable":true,"href":"https:\/\/www.sincomam.org.br\/index.php\/wp-json\/wp\/v2\/categories?post=35929"},{"taxonomy":"post_tag","embeddable":true,"href":"https:\/\/www.sincomam.org.br\/index.php\/wp-json\/wp\/v2\/tags?post=35929"}],"curies":[{"name":"wp","href":"https:\/\/api.w.org\/{rel}","templated":true}]}}