{"id":35914,"date":"2021-09-27T10:12:17","date_gmt":"2021-09-27T13:12:17","guid":{"rendered":"http:\/\/www.sincomam.org.br\/?p=35914"},"modified":"2021-09-27T10:12:17","modified_gmt":"2021-09-27T13:12:17","slug":"espirito-santo-selecionara-em-outubro-gestor-para-os-r-240-milhoes-de-recursos-do-petroleo","status":"publish","type":"post","link":"https:\/\/www.sincomam.org.br\/index.php\/espirito-santo-selecionara-em-outubro-gestor-para-os-r-240-milhoes-de-recursos-do-petroleo\/","title":{"rendered":"Esp\u00edrito Santo selecionar\u00e1 em outubro gestor para os R$ 240 milh\u00f5es de recursos do petr\u00f3leo"},"content":{"rendered":"<p>O estado do Esp\u00edrito Santo vai concluir em outubro a sele\u00e7\u00e3o da empresa respons\u00e1vel por gerir o fundo soberano de receitas recebidas de atividades de explora\u00e7\u00e3o e produ\u00e7\u00e3o de petr\u00f3leo e g\u00e1s, afirmou o governador Renato Casagrande (PSB), na sexta-feira (24). Ao todo, seis companhias est\u00e3o na fase final da disputa para assumir a gest\u00e3o os recursos, estimados em R$ 240 milh\u00f5es. O valor faz parte dos R$ 600 milh\u00f5es do fundo soberano, do qual parte vai permanecer no Banco do Estado do Esp\u00edrito Santo (Banestes) e outra parte vai ser gerido por uma companhia independente.<\/p>\n<p>De acordo com Casagrande, at\u00e9 o final do ano que vem o Esp\u00edrito Santo vai somar R$ 1 bilh\u00e3o em receitas recebidas do petr\u00f3leo. \u201cS\u00e3o receitas finitas, que estamos preservando agora para que a popula\u00e7\u00e3o capixaba possa usar no futuro. \u00c9 uma vis\u00e3o de longo prazo na gest\u00e3o p\u00fablica\u201d, afirmou Casagrande durante evento na sexta-feira (24) para assinatura do acordo de desestatiza\u00e7\u00e3o da empresa estatal de distribui\u00e7\u00e3o de g\u00e1s capixaba, a ES G\u00e1s.<\/p>\n<p>Atualmente, a ES G\u00e1s \u00e9 operada pelo Estado do Esp\u00edrito Santo, com 51% do capital da companhia, em parceria com a Vibra Energia (antiga BR Distribuidora), com os 49% restantes. A privatiza\u00e7\u00e3o da estatal prev\u00ea a venda de pelo menos 51% das a\u00e7\u00f5es da empresa na B3. A partir da assinatura do acordo entre a Vibra e o governo capixaba, o Banco Nacional de Desenvolvimento Econ\u00f4mico e Social (BNDES) vai trabalhar nos estudos para a opera\u00e7\u00e3o.<\/p>\n<p>Fonte: Valor<\/p>\n","protected":false},"excerpt":{"rendered":"<p>O estado do Esp\u00edrito Santo vai concluir em outubro a sele\u00e7\u00e3o da empresa respons\u00e1vel por gerir o fundo soberano de receitas recebidas de atividades de&#8230;<\/p>\n","protected":false},"author":1527,"featured_media":31032,"comment_status":"closed","ping_status":"closed","sticky":false,"template":"","format":"standard","meta":{"footnotes":""},"categories":[6],"tags":[],"class_list":["post-35914","post","type-post","status-publish","format-standard","has-post-thumbnail","hentry","category-noticias"],"_links":{"self":[{"href":"https:\/\/www.sincomam.org.br\/index.php\/wp-json\/wp\/v2\/posts\/35914","targetHints":{"allow":["GET"]}}],"collection":[{"href":"https:\/\/www.sincomam.org.br\/index.php\/wp-json\/wp\/v2\/posts"}],"about":[{"href":"https:\/\/www.sincomam.org.br\/index.php\/wp-json\/wp\/v2\/types\/post"}],"author":[{"embeddable":true,"href":"https:\/\/www.sincomam.org.br\/index.php\/wp-json\/wp\/v2\/users\/1527"}],"replies":[{"embeddable":true,"href":"https:\/\/www.sincomam.org.br\/index.php\/wp-json\/wp\/v2\/comments?post=35914"}],"version-history":[{"count":1,"href":"https:\/\/www.sincomam.org.br\/index.php\/wp-json\/wp\/v2\/posts\/35914\/revisions"}],"predecessor-version":[{"id":35915,"href":"https:\/\/www.sincomam.org.br\/index.php\/wp-json\/wp\/v2\/posts\/35914\/revisions\/35915"}],"wp:featuredmedia":[{"embeddable":true,"href":"https:\/\/www.sincomam.org.br\/index.php\/wp-json\/wp\/v2\/media\/31032"}],"wp:attachment":[{"href":"https:\/\/www.sincomam.org.br\/index.php\/wp-json\/wp\/v2\/media?parent=35914"}],"wp:term":[{"taxonomy":"category","embeddable":true,"href":"https:\/\/www.sincomam.org.br\/index.php\/wp-json\/wp\/v2\/categories?post=35914"},{"taxonomy":"post_tag","embeddable":true,"href":"https:\/\/www.sincomam.org.br\/index.php\/wp-json\/wp\/v2\/tags?post=35914"}],"curies":[{"name":"wp","href":"https:\/\/api.w.org\/{rel}","templated":true}]}}