{"id":35908,"date":"2021-09-27T10:00:18","date_gmt":"2021-09-27T13:00:18","guid":{"rendered":"http:\/\/www.sincomam.org.br\/?p=35908"},"modified":"2021-09-27T10:00:18","modified_gmt":"2021-09-27T13:00:18","slug":"autoridades-de-saude-e-especialistas-explicam-uso-de-diferentes-vacinas-contra-a-covid-19","status":"publish","type":"post","link":"https:\/\/www.sincomam.org.br\/index.php\/autoridades-de-saude-e-especialistas-explicam-uso-de-diferentes-vacinas-contra-a-covid-19\/","title":{"rendered":"Autoridades de sa\u00fade e especialistas explicam uso de diferentes vacinas contra a covid-19"},"content":{"rendered":"<p>Algumas cidades e estados passaram a aplicar, recentemente, vacinas contra a covid-19 de marcas diferentes na segunda dose, o que \u00e9 chamado tecnicamente de \u201cintercambialidade\u201d. As medidas geraram discuss\u00e3o sobre a seguran\u00e7a, efic\u00e1cia e validade da estrat\u00e9gia. A Ag\u00eancia Brasil consultou autoridades de sa\u00fade e especialistas para fazer avalia\u00e7\u00f5es, falar sobre estudos e orienta\u00e7\u00f5es.<\/p>\n<p>De acordo com a nota t\u00e9cnica N\u00ba 6\/2021, do Minist\u00e9rio da Sa\u00fade (MS), de maneira geral as vacinas contra covid-19 n\u00e3o s\u00e3o intercambi\u00e1veis, ou seja, indiv\u00edduos que iniciaram a vacina\u00e7\u00e3o dever\u00e3o completar o esquema com a mesma vacina. No entanto, em situa\u00e7\u00f5es de exce\u00e7\u00e3o, onde n\u00e3o for poss\u00edvel administrar a segunda dose com uma vacina do mesmo fabricante, seja por contraindica\u00e7\u00f5es espec\u00edficas ou por aus\u00eancia daquele imunizante no pa\u00eds, poder\u00e1 ser administrada uma de outro laborat\u00f3rio. A segunda dose dever\u00e1 ser administrada respeitando o intervalo adotado para o imunizante utilizado na primeira dose.<\/p>\n<p>\u00c0s mulheres que receberam a primeira dose da vacina AstraZeneca\/Fiocruz e que estejam gestantes ou no puerp\u00e9rio (at\u00e9 45 dias p\u00f3s-parto), no momento de receber a segunda dose da vacina, dever\u00e1 ser ofertada, preferencialmente, a Pfizer\/Wyeth. Caso esse imunizante n\u00e3o esteja dispon\u00edvel na localidade, poder\u00e1 ser utilizada a vacina Sinovac\/Butantan. Os indiv\u00edduos que receberem vacina no esquema de intercambialidade dever\u00e3o ser orientados a respeito das limita\u00e7\u00f5es referentes aos dados existentes e do perfil de risco-benef\u00edcio.<\/p>\n<p>O governo de S\u00e3o Paulo, um dos que fizeram uso da aplica\u00e7\u00e3o da segunda dose de Pfizer\/BioNTech para quem havia recebido a primeira de Oxford\/AstraZeneca, argumentou, em comunicado no dia 10 de setembro, que a medida tinha car\u00e1ter emergencial. Acrescentou que se devia \u00e0 falta de doses da Oxford\/AstraZeneca e que a medida havia sido chancelada pelo Comit\u00ea Cient\u00edfico do governo do estado.<\/p>\n<p>A Funda\u00e7\u00e3o Oswaldo Cruz (Fiocruz), que atua em parceria com o cons\u00f3rcio Oxford\/AstraZeneca para a fabrica\u00e7\u00e3o de vacinas contra a covid-19 no Brasil, recomenda a intercambialidade somente \u201cem caso de emerg\u00eancia\u201d. Segundo a institui\u00e7\u00e3o, n\u00e3o h\u00e1 dados sobre a dura\u00e7\u00e3o da resposta imune com o uso de dois imunizantes diferentes. Sobre a demora para o recebimento da segunda dose, a funda\u00e7\u00e3o diz que estudo da Universidade de Oxford, publicado no peri\u00f3dico The Lancet, indicou que a primeira dose proveria efic\u00e1cia de 80% por at\u00e9 dez meses, com a segunda dose ampliando essa prote\u00e7\u00e3o quando ministrada.<\/p>\n<p><strong>OMS e sociedades m\u00e9dicas<br \/>\n<\/strong>De acordo com a m\u00e9dica pediatra e diretora da Sociedade Brasileira de Imuniza\u00e7\u00f5es &#8211; e que integra grupos de trabalho sobre imuniza\u00e7\u00e3o do Conselho Regional de Medicina do Rio de Janeiro -, Fl\u00e1via Bravo, a Organiza\u00e7\u00e3o Mundial da Sa\u00fade (OMS) e sociedades m\u00e9dicas admitem essa possibilidade diante de limita\u00e7\u00f5es na disponibilidade de doses. Um documento da OMS, divulgado em agosto deste ano, sobre intercambialidade lembra que a orienta\u00e7\u00e3o geral \u00e9 de repeti\u00e7\u00e3o das marcas na primeira e segunda doses, mas que cabe aos governos avaliarem as estrat\u00e9gias mais adequadas.<\/p>\n<p>No texto, o grupo de especialistas (Sage) diz que em um cen\u00e1rio de dificuldade de suprimento de vacinas e diante do desafio de ampliar a imuniza\u00e7\u00e3o da popula\u00e7\u00e3o, as autoridades de sa\u00fade podem avaliar a implementa\u00e7\u00e3o da intercambialidade. O texto da OMS cita um estudo de dois pesquisadores de Oxford, publicado em junho deste ano, que encontrou uma resposta imunol\u00f3gica positiva na combina\u00e7\u00e3o de Oxford\/AstraZeneca na primeira dose com Pfizer na segunda.<\/p>\n<p>Para Fl\u00e1via Bravo, esses dados sugerem que a t\u00e1tica pode ser sim considerada. \u201cO posicionamento atual no meio cient\u00edfico, a ser considerada pelos pa\u00edses, sim. \u00c9 claro que mais dados vir\u00e3o, isso chega o tempo todo. O que n\u00f3s temos at\u00e9 agora j\u00e1 permitiu essa avalia\u00e7\u00e3o. Mas, se eu fa\u00e7o com as gestantes por que n\u00e3o fa\u00e7o com o restante da popula\u00e7\u00e3o?\u201d, indaga, mencionando a recomenda\u00e7\u00e3o do Minist\u00e9rio da Sa\u00fade.<\/p>\n<p>Fonte: Ag\u00eancia Brasil<\/p>\n","protected":false},"excerpt":{"rendered":"<p>Algumas cidades e estados passaram a aplicar, recentemente, vacinas contra a covid-19 de marcas diferentes na segunda dose, o que \u00e9 chamado tecnicamente de \u201cintercambialidade\u201d&#8230;.<\/p>\n","protected":false},"author":1527,"featured_media":34987,"comment_status":"closed","ping_status":"closed","sticky":false,"template":"","format":"standard","meta":{"footnotes":""},"categories":[6],"tags":[],"class_list":["post-35908","post","type-post","status-publish","format-standard","has-post-thumbnail","hentry","category-noticias"],"_links":{"self":[{"href":"https:\/\/www.sincomam.org.br\/index.php\/wp-json\/wp\/v2\/posts\/35908","targetHints":{"allow":["GET"]}}],"collection":[{"href":"https:\/\/www.sincomam.org.br\/index.php\/wp-json\/wp\/v2\/posts"}],"about":[{"href":"https:\/\/www.sincomam.org.br\/index.php\/wp-json\/wp\/v2\/types\/post"}],"author":[{"embeddable":true,"href":"https:\/\/www.sincomam.org.br\/index.php\/wp-json\/wp\/v2\/users\/1527"}],"replies":[{"embeddable":true,"href":"https:\/\/www.sincomam.org.br\/index.php\/wp-json\/wp\/v2\/comments?post=35908"}],"version-history":[{"count":1,"href":"https:\/\/www.sincomam.org.br\/index.php\/wp-json\/wp\/v2\/posts\/35908\/revisions"}],"predecessor-version":[{"id":35909,"href":"https:\/\/www.sincomam.org.br\/index.php\/wp-json\/wp\/v2\/posts\/35908\/revisions\/35909"}],"wp:featuredmedia":[{"embeddable":true,"href":"https:\/\/www.sincomam.org.br\/index.php\/wp-json\/wp\/v2\/media\/34987"}],"wp:attachment":[{"href":"https:\/\/www.sincomam.org.br\/index.php\/wp-json\/wp\/v2\/media?parent=35908"}],"wp:term":[{"taxonomy":"category","embeddable":true,"href":"https:\/\/www.sincomam.org.br\/index.php\/wp-json\/wp\/v2\/categories?post=35908"},{"taxonomy":"post_tag","embeddable":true,"href":"https:\/\/www.sincomam.org.br\/index.php\/wp-json\/wp\/v2\/tags?post=35908"}],"curies":[{"name":"wp","href":"https:\/\/api.w.org\/{rel}","templated":true}]}}