{"id":35904,"date":"2021-09-27T09:47:51","date_gmt":"2021-09-27T12:47:51","guid":{"rendered":"http:\/\/www.sincomam.org.br\/?p=35904"},"modified":"2021-09-27T09:47:51","modified_gmt":"2021-09-27T12:47:51","slug":"movimento-geral-de-cargas-cresce-a-2-digitos-no-porto-de-santos-e-ja-atinge-32-milhoes-teu-no-acumulado-do-ano-ate-agosto","status":"publish","type":"post","link":"https:\/\/www.sincomam.org.br\/index.php\/movimento-geral-de-cargas-cresce-a-2-digitos-no-porto-de-santos-e-ja-atinge-32-milhoes-teu-no-acumulado-do-ano-ate-agosto\/","title":{"rendered":"Movimento geral de cargas cresce a 2 d\u00edgitos no Porto de Santos e j\u00e1 atinge 3,2 milh\u00f5es TEU no acumulado do ano at\u00e9 agosto"},"content":{"rendered":"<p>A movimenta\u00e7\u00e3o de cont\u00eaineres no Porto de Santos no m\u00eas de agosto, 408,0 mil TEU (unidade equivalente a um cont\u00eainer de 20 p\u00e9s), superou em 26,2% o resultado do mesmo per\u00edodo do ano passado, contribuindo para o desempenho no acumulado do ano de 3,2 milh\u00f5es TEU, crescimento de 20% sobre o mesmo per\u00edodo de 2020.<\/p>\n<p>O movimento geral de cargas no acumulado no ano atingiu 101,0 milh\u00f5es de toneladas, aumento de 3,1% sobre o volume operado no mesmo per\u00edodo de 2020. As descargas somaram 28,7 milh\u00f5es de toneladas, apontando um crescimento de 12,5% sobre o acumulado de janeiro a agosto do ano passado. J\u00e1 os embarques somaram 72,3 milh\u00f5es de toneladas, ligeira queda de 0,2% sobre o resultado de 2020. Segundo o presidente da Santos Port Authority (SPA), Fernando Biral, o bom desempenho retrata o crescimento constante do Porto de Santos. \u201cAs cargas conteinerizadas e os gran\u00e9is l\u00edquidos alcan\u00e7aram as melhores marcas no m\u00eas\u201d, destacou.<\/p>\n<p>Gran\u00e9is l\u00edquidos \u2013 apresentaram resultado 0,3% superior ao do mesmo per\u00edodo do ano passado, acumulando 12,1 milh\u00f5es de toneladas em 2021, melhor marca para o per\u00edodo. O resultado positivo foi garantido pelo bom desempenho dos embarques de \u00f3leo diesel (+45,8%) seguido por \u00f3leo combust\u00edvel (+26,1) e sucos c\u00edtricos (+27,6%). Gran\u00e9is s\u00f3lidos \u2013 apresentaram queda de 4,6% no acumulado nos 8 primeiros meses do ano, para 50,4 milh\u00f5es de toneladas, em compara\u00e7\u00e3o com 2020. Apesar dessa redu\u00e7\u00e3o, caracteriza-se como a segunda melhor marca para o per\u00edodo. As importa\u00e7\u00f5es de adubo apresentaram forte crescimento tanto no acumulado do ano (22,6%) como no m\u00eas de agosto (39,3%).<\/p>\n<p>\u201cImportante destacar que o desempenho deste semestre foi impactado negativamente por quest\u00f5es clim\u00e1ticas nas safras de milho e cana-de-a\u00e7\u00facar. Mesmo assim, neste ano registrou a segunda melhor movimenta\u00e7\u00e3o da hist\u00f3ria\u201d, destacou Biral.<\/p>\n<p><strong>Movimento de agosto \u2013<\/strong> o movimento mensal atingiu 12,1 milh\u00f5es de toneladas, registrando redu\u00e7\u00e3o de 12,1% em rela\u00e7\u00e3o a agosto de 2020, retratando a conjuntura do agroneg\u00f3cio, que vem sofrendo com as condi\u00e7\u00f5es clim\u00e1ticas. Os desembarques apresentaram crescimento de 25,0%, em decorr\u00eancia, principalmente, das importa\u00e7\u00f5es de cont\u00eaineres e adubos que tiveram forte alta de 41,6% e 39,3%, respectivamente. Os embarques registraram redu\u00e7\u00e3o de 23,2%. A queda se deveu, principalmente, \u00e0 diminui\u00e7\u00e3o dos embarques de a\u00e7\u00facar (-35,3%) e de milho (-46,5%). Os gran\u00e9is l\u00edquidos registraram no movimento mensal a melhor marca para o per\u00edodo, com 0,3% de aumento, refletindo o crescimento nos embarques de \u00f3leo diesel (84,6%), \u00f3leos combust\u00edveis (46,0%) e sucos c\u00edtricos (34,7%).<\/p>\n<p><strong>Atraca\u00e7\u00f5es<br \/>\n<\/strong>O n\u00famero de atraca\u00e7\u00f5es no ano diminuiu, evidenciando maior capacidade dos navios que passam pelo Porto de Santos. No m\u00eas de agosto, houve redu\u00e7\u00e3o de 8,0% em rela\u00e7\u00e3o a 2020, com 391 atraca\u00e7\u00f5es (425 no mesmo m\u00eas do ano passado). Nos oito primeiros meses desse ano foi registrada queda de 1,9%, com 3.242 atraca\u00e7\u00f5es (3.305 no mesmo per\u00edodo em 2020).<\/p>\n<p><strong>Corrente Comercial<br \/>\n<\/strong>A participa\u00e7\u00e3o acumulada de Santos na corrente comercial brasileira foi de 27,1% em agosto. Cerca de 27% dessas transa\u00e7\u00f5es comerciais com o exterior que passaram pelo Porto de Santos tiveram a China como pa\u00eds parceiro. S\u00e3o Paulo permanece como o Estado com maior participa\u00e7\u00e3o nas transa\u00e7\u00f5es comerciais com o exterior pelo Porto de Santos (56,3%).<\/p>\n<p>Fonte: Porto de Santos<\/p>\n","protected":false},"excerpt":{"rendered":"<p>A movimenta\u00e7\u00e3o de cont\u00eaineres no Porto de Santos no m\u00eas de agosto, 408,0 mil TEU (unidade equivalente a um cont\u00eainer de 20 p\u00e9s), superou em&#8230;<\/p>\n","protected":false},"author":1527,"featured_media":18319,"comment_status":"closed","ping_status":"closed","sticky":false,"template":"","format":"standard","meta":{"footnotes":""},"categories":[6],"tags":[],"class_list":["post-35904","post","type-post","status-publish","format-standard","has-post-thumbnail","hentry","category-noticias"],"_links":{"self":[{"href":"https:\/\/www.sincomam.org.br\/index.php\/wp-json\/wp\/v2\/posts\/35904","targetHints":{"allow":["GET"]}}],"collection":[{"href":"https:\/\/www.sincomam.org.br\/index.php\/wp-json\/wp\/v2\/posts"}],"about":[{"href":"https:\/\/www.sincomam.org.br\/index.php\/wp-json\/wp\/v2\/types\/post"}],"author":[{"embeddable":true,"href":"https:\/\/www.sincomam.org.br\/index.php\/wp-json\/wp\/v2\/users\/1527"}],"replies":[{"embeddable":true,"href":"https:\/\/www.sincomam.org.br\/index.php\/wp-json\/wp\/v2\/comments?post=35904"}],"version-history":[{"count":1,"href":"https:\/\/www.sincomam.org.br\/index.php\/wp-json\/wp\/v2\/posts\/35904\/revisions"}],"predecessor-version":[{"id":35905,"href":"https:\/\/www.sincomam.org.br\/index.php\/wp-json\/wp\/v2\/posts\/35904\/revisions\/35905"}],"wp:featuredmedia":[{"embeddable":true,"href":"https:\/\/www.sincomam.org.br\/index.php\/wp-json\/wp\/v2\/media\/18319"}],"wp:attachment":[{"href":"https:\/\/www.sincomam.org.br\/index.php\/wp-json\/wp\/v2\/media?parent=35904"}],"wp:term":[{"taxonomy":"category","embeddable":true,"href":"https:\/\/www.sincomam.org.br\/index.php\/wp-json\/wp\/v2\/categories?post=35904"},{"taxonomy":"post_tag","embeddable":true,"href":"https:\/\/www.sincomam.org.br\/index.php\/wp-json\/wp\/v2\/tags?post=35904"}],"curies":[{"name":"wp","href":"https:\/\/api.w.org\/{rel}","templated":true}]}}