{"id":35894,"date":"2021-09-24T09:55:00","date_gmt":"2021-09-24T12:55:00","guid":{"rendered":"http:\/\/www.sincomam.org.br\/?p=35894"},"modified":"2021-09-24T09:55:00","modified_gmt":"2021-09-24T12:55:00","slug":"confianca-do-consumidor-recua-65-pontos-em-setembro-diz-fgv","status":"publish","type":"post","link":"https:\/\/www.sincomam.org.br\/index.php\/confianca-do-consumidor-recua-65-pontos-em-setembro-diz-fgv\/","title":{"rendered":"Confian\u00e7a do consumidor recua 6,5 pontos em setembro, diz FGV"},"content":{"rendered":"<p>O \u00cdndice de Confian\u00e7a do Consumidor (ICC), medido pela Funda\u00e7\u00e3o Get\u00falio Vargas (FGV), recuou 6,5 pontos na passagem de agosto para setembro deste ano. Com isso, o indicador atingiu 75,3 pontos, em uma escala de zero a 200 pontos, o menor patamar desde abril deste ano (72,1 pontos). Houve piora tanto na percep\u00e7\u00e3o dos consumidores brasileiros sobre as expectativas em rela\u00e7\u00e3o aos pr\u00f3ximos meses e quanto em rela\u00e7\u00e3o \u00e0 situa\u00e7\u00e3o atual. O \u00cdndice de Situa\u00e7\u00e3o Atual caiu 1,0 ponto, para 68,8 pontos. J\u00e1 o \u00cdndice de Expectativas recuou 9,8 pontos, para 81,1 pontos.<\/p>\n<p>\u201cA confian\u00e7a dos consumidores brasileiros caiu expressivamente em setembro, confirmando a interrup\u00e7\u00e3o da tend\u00eancia de recupera\u00e7\u00e3o iniciada em abril, ap\u00f3s a segunda onda de covid-19. A queda foi determinada pela combina\u00e7\u00e3o de fatores que j\u00e1 vinham afetando a confian\u00e7a em meses anteriores, como a infla\u00e7\u00e3o e desemprego elevados, e de novos fatores, como o risco de crise energ\u00e9tica e o aumento da incerteza econ\u00f4mica e pol\u00edtica com impacto mais acentuado sobre as expectativas em rela\u00e7\u00e3o aos pr\u00f3ximos meses\u201d, afirma a pesquisadora da FGV Viviane Seda Bittencourt.<\/p>\n<p>Fonte: Ag\u00eancia Brasil<\/p>\n<p>&nbsp;<\/p>\n","protected":false},"excerpt":{"rendered":"<p>O \u00cdndice de Confian\u00e7a do Consumidor (ICC), medido pela Funda\u00e7\u00e3o Get\u00falio Vargas (FGV), recuou 6,5 pontos na passagem de agosto para setembro deste ano. Com&#8230;<\/p>\n","protected":false},"author":1527,"featured_media":18439,"comment_status":"closed","ping_status":"closed","sticky":false,"template":"","format":"standard","meta":{"footnotes":""},"categories":[6],"tags":[],"class_list":["post-35894","post","type-post","status-publish","format-standard","has-post-thumbnail","hentry","category-noticias"],"_links":{"self":[{"href":"https:\/\/www.sincomam.org.br\/index.php\/wp-json\/wp\/v2\/posts\/35894","targetHints":{"allow":["GET"]}}],"collection":[{"href":"https:\/\/www.sincomam.org.br\/index.php\/wp-json\/wp\/v2\/posts"}],"about":[{"href":"https:\/\/www.sincomam.org.br\/index.php\/wp-json\/wp\/v2\/types\/post"}],"author":[{"embeddable":true,"href":"https:\/\/www.sincomam.org.br\/index.php\/wp-json\/wp\/v2\/users\/1527"}],"replies":[{"embeddable":true,"href":"https:\/\/www.sincomam.org.br\/index.php\/wp-json\/wp\/v2\/comments?post=35894"}],"version-history":[{"count":1,"href":"https:\/\/www.sincomam.org.br\/index.php\/wp-json\/wp\/v2\/posts\/35894\/revisions"}],"predecessor-version":[{"id":35895,"href":"https:\/\/www.sincomam.org.br\/index.php\/wp-json\/wp\/v2\/posts\/35894\/revisions\/35895"}],"wp:featuredmedia":[{"embeddable":true,"href":"https:\/\/www.sincomam.org.br\/index.php\/wp-json\/wp\/v2\/media\/18439"}],"wp:attachment":[{"href":"https:\/\/www.sincomam.org.br\/index.php\/wp-json\/wp\/v2\/media?parent=35894"}],"wp:term":[{"taxonomy":"category","embeddable":true,"href":"https:\/\/www.sincomam.org.br\/index.php\/wp-json\/wp\/v2\/categories?post=35894"},{"taxonomy":"post_tag","embeddable":true,"href":"https:\/\/www.sincomam.org.br\/index.php\/wp-json\/wp\/v2\/tags?post=35894"}],"curies":[{"name":"wp","href":"https:\/\/api.w.org\/{rel}","templated":true}]}}