{"id":35892,"date":"2021-09-24T09:53:35","date_gmt":"2021-09-24T12:53:35","guid":{"rendered":"http:\/\/www.sincomam.org.br\/?p=35892"},"modified":"2021-09-24T09:53:35","modified_gmt":"2021-09-24T12:53:35","slug":"medida-provisoria-zera-tributos-sobre-milho-importado","status":"publish","type":"post","link":"https:\/\/www.sincomam.org.br\/index.php\/medida-provisoria-zera-tributos-sobre-milho-importado\/","title":{"rendered":"Medida provis\u00f3ria zera tributos sobre milho importado"},"content":{"rendered":"<p>O Poder Executivo editou a Medida Provis\u00f3ria (MP) 1071\/2021, que zera, at\u00e9 31 de dezembro deste ano, as al\u00edquotas de duas contribui\u00e7\u00f5es incidentes sobre a importa\u00e7\u00e3o de milho (PIS\/Pasep e Cofins). A MP foi publicada na edi\u00e7\u00e3o desta quinta-feira (23) do Di\u00e1rio Oficial da Uni\u00e3o.<\/p>\n<p>Em nota divulgada na quarta-feira (22), a Secretaria-Geral da Presid\u00eancia da Rep\u00fablica informou que o objetivo da medida provis\u00f3ria \u00e9 aumentar a importa\u00e7\u00e3o de milho devido \u00e0 sua escassez no mercado interno, \u201cem raz\u00e3o de problemas clim\u00e1ticos, atrasos na colheita de ver\u00e3o e na semeadura da segunda safra e, ainda, pelos baixos n\u00edveis de estoque\u201d. O milho \u00e9 um dos principais produtos da alimenta\u00e7\u00e3o animal.<\/p>\n<p>O governo informou ainda que a ren\u00fancia de receita gerada pela MP ser\u00e1 compensada com o aumento do Imposto sobre Opera\u00e7\u00f5es Financeiras (IOF) incidente nas opera\u00e7\u00f5es de cr\u00e9dito, em vigor desde esta semana at\u00e9 o final do ano.<\/p>\n<p>A MP 1.071\/2021 \u00e9 a segunda medida provis\u00f3ria editada pelo governo para compensar os efeitos da baixa oferta de milho no Brasil, que elevou os pre\u00e7os para os agropecuaristas. Em agosto, entrou em vigor a MP 1064\/21, que trata do acesso de pequenos criadores de animais aos estoques p\u00fablicos de milho administrados pela Companhia Nacional de Abastecimento (Conab). Ela aguarda vota\u00e7\u00e3o na C\u00e2mara dos Deputados.<\/p>\n<p><strong>Tramita\u00e7\u00e3o<br \/>\n<\/strong>Em raz\u00e3o da pandemia provocada pelo novo coronav\u00edrus, a medida provis\u00f3ria dever\u00e1 ser analisada diretamente pelos Plen\u00e1rios da C\u00e2mara dos Deputados e do Senado.<\/p>\n<p>Fonte: Ag\u00eancia Senado com informa\u00e7\u00f5es da Ag\u00eancia C\u00e2mara de Not\u00edcias<\/p>\n","protected":false},"excerpt":{"rendered":"<p>O Poder Executivo editou a Medida Provis\u00f3ria (MP) 1071\/2021, que zera, at\u00e9 31 de dezembro deste ano, as al\u00edquotas de duas contribui\u00e7\u00f5es incidentes sobre a&#8230;<\/p>\n","protected":false},"author":1527,"featured_media":18116,"comment_status":"closed","ping_status":"closed","sticky":false,"template":"","format":"standard","meta":{"footnotes":""},"categories":[6],"tags":[],"class_list":["post-35892","post","type-post","status-publish","format-standard","has-post-thumbnail","hentry","category-noticias"],"_links":{"self":[{"href":"https:\/\/www.sincomam.org.br\/index.php\/wp-json\/wp\/v2\/posts\/35892","targetHints":{"allow":["GET"]}}],"collection":[{"href":"https:\/\/www.sincomam.org.br\/index.php\/wp-json\/wp\/v2\/posts"}],"about":[{"href":"https:\/\/www.sincomam.org.br\/index.php\/wp-json\/wp\/v2\/types\/post"}],"author":[{"embeddable":true,"href":"https:\/\/www.sincomam.org.br\/index.php\/wp-json\/wp\/v2\/users\/1527"}],"replies":[{"embeddable":true,"href":"https:\/\/www.sincomam.org.br\/index.php\/wp-json\/wp\/v2\/comments?post=35892"}],"version-history":[{"count":1,"href":"https:\/\/www.sincomam.org.br\/index.php\/wp-json\/wp\/v2\/posts\/35892\/revisions"}],"predecessor-version":[{"id":35893,"href":"https:\/\/www.sincomam.org.br\/index.php\/wp-json\/wp\/v2\/posts\/35892\/revisions\/35893"}],"wp:featuredmedia":[{"embeddable":true,"href":"https:\/\/www.sincomam.org.br\/index.php\/wp-json\/wp\/v2\/media\/18116"}],"wp:attachment":[{"href":"https:\/\/www.sincomam.org.br\/index.php\/wp-json\/wp\/v2\/media?parent=35892"}],"wp:term":[{"taxonomy":"category","embeddable":true,"href":"https:\/\/www.sincomam.org.br\/index.php\/wp-json\/wp\/v2\/categories?post=35892"},{"taxonomy":"post_tag","embeddable":true,"href":"https:\/\/www.sincomam.org.br\/index.php\/wp-json\/wp\/v2\/tags?post=35892"}],"curies":[{"name":"wp","href":"https:\/\/api.w.org\/{rel}","templated":true}]}}