{"id":35888,"date":"2021-09-24T09:49:28","date_gmt":"2021-09-24T12:49:28","guid":{"rendered":"http:\/\/www.sincomam.org.br\/?p=35888"},"modified":"2021-09-24T09:49:28","modified_gmt":"2021-09-24T12:49:28","slug":"evergrande-volta-a-preocupar-e-bolsas-caem-ipca-15-de-setembro-e-mais-assuntos-que-vao-movimentar-o-mercado-desta-sexta-feira-24","status":"publish","type":"post","link":"https:\/\/www.sincomam.org.br\/index.php\/evergrande-volta-a-preocupar-e-bolsas-caem-ipca-15-de-setembro-e-mais-assuntos-que-vao-movimentar-o-mercado-desta-sexta-feira-24\/","title":{"rendered":"Evergrande volta a preocupar e bolsas caem, IPCA-15 de setembro e mais assuntos que v\u00e3o movimentar o mercado desta sexta-feira (24)"},"content":{"rendered":"<p>Depois de duas sess\u00f5es de al\u00edvio para os principais \u00edndices mundiais, as bolsas voltam a registrar movimento de queda, com o caso Evergrande mais uma vez passando a preocupar. Segundo a Bloomberg, a incorporadora mais endividada do mundo n\u00e3o deu sinais de ter efetuado o pagamento do cupom de US$ 83,5 milh\u00f5es, que tem um per\u00edodo de car\u00eancia antes que qualquer default possa ser declarado. Com isso, as a\u00e7\u00f5es da companhia despencaram mais de 11% em Hong Kong.<\/p>\n<p>No notici\u00e1rio internacional, aten\u00e7\u00e3o ainda para a fala de Jerome Powell \u00e0s 11h (hor\u00e1rio de Bras\u00edlia) em live sobre perspectivas de recupera\u00e7\u00e3o econ\u00f4mica, poucos dias depois da reuni\u00e3o do Federal Open Market Committee (Fomc).<\/p>\n<p>Antes disso, no Brasil, aten\u00e7\u00e3o ao IPCA-15 de setembro. Confira os destaques:<\/p>\n<ol>\n<li><strong> Bolsas mundiais<\/strong><\/li>\n<\/ol>\n<p>Ap\u00f3s uma alta expressiva na v\u00e9spera, a sess\u00e3o \u00e9 de baixa para os principais \u00edndices mundiais, com as preocupa\u00e7\u00f5es sobre a incorporadora imobili\u00e1ria China Evergrande voltando ao radar. Ainda n\u00e3o h\u00e1 clareza se a Evergrande foi capaz de pagar US$ 83 milh\u00f5es em juros de t\u00edtulos denominados em d\u00f3lar, que venciam na quinta-feira. Segundo informa\u00e7\u00f5es da ag\u00eancia internacional de not\u00edcias Bloomberg, reguladores do governo instru\u00edram o Evergrande a evitar o default dos t\u00edtulos de curto prazo denominados em d\u00f3lares.<\/p>\n<p>\u00c9 poss\u00edvel ainda que detentores de t\u00edtulos se beneficiem de um per\u00edodo de car\u00eancia de 30 dias. A expectativa dos investidores \u00e9 de que o impacto sobre Wall Street seja contido. Na quinta, o jornal americano The Wall Street Journal informou que as autoridades chinesas requisitaram que autoridades locais se preparem para a poss\u00edvel derrocada do Evergrande.<\/p>\n<p><strong>Estados Unidos<br \/>\n<\/strong>Com o notici\u00e1rio sobre a Evergrande, os \u00edndices futuros americanos operam em leve queda nesta sexta-feira (24) pela manh\u00e3. Na quinta (23), os \u00edndices registraram o segundo dia consecutivo de ganhos, ap\u00f3s o Federal Reserve indicar que n\u00e3o tem perspectiva iminente de suspender sua pol\u00edtica monet\u00e1ria expansionista, que vem injetando US$ 120 bilh\u00f5es mensalmente na economia. Ontem (23), o Dow avan\u00e7ou 500 pontos, em seu melhor desempenho desde 20 de julho; o S&amp;P avan\u00e7ou 1,2%; e o Nasdaq ganhou 1%. Na semana, o Dow acumula alta de 0,5%; o S&amp;P avan\u00e7a 0,4%; e o Nasdaq ganha 0,1%.<\/p>\n<p><strong>\u00c1sia<br \/>\n<\/strong>As bolsas asi\u00e1ticas tiveram desempenhos variados entre si na sexta-feira, tamb\u00e9m com os investidores aguardando por mais informa\u00e7\u00f5es sobre a incorporadora. O Nikkei, do Jap\u00e3o, avan\u00e7ou 2,06%, na volta de um feriado nacional; na Coreia do Sul, o Kospi teve leve baixa, e fechou em 3.125,24 pontos; em Hong Kong, o \u00edndice Hang Seng perdeu 1,45%, em meio a um recuo de 11,61% dos pap\u00e9is do Evergrande. Na China continental, o Shanghai composto recuou 0,8%. Cabe ressaltar que o governo chin\u00eas continua interferindo na economia e no mercado. O banco central do pa\u00eds anunciou que todas as transa\u00e7\u00f5es em criptomoedas s\u00e3o ilegais, impactando as cota\u00e7\u00f5es do Bitcoin.<\/p>\n<p><strong>Europa<br \/>\n<\/strong>Na Europa, o \u00edndice Stoxx 600, que re\u00fane as a\u00e7\u00f5es de 600 empresas de todos os principais setores de 17 pa\u00edses europeus, recua 0,6%. Em uma entrevista nesta quinta-feira (23), a presidente do Banco Central Europeu, Christine Lagarde, afirmou que acredita que a exposi\u00e7\u00e3o direta da Europa ao Evergrande poder\u00e1 ser \u201climitada\u201d.<\/p>\n<p>Al\u00e9m disso, o Banco da Inglaterra decidiu ontem (23) manter sua pol\u00edtica monet\u00e1ria inalterada, e reduziu suas proje\u00e7\u00f5es de crescimento econ\u00f4mico para o terceiro trimestre do ano, ap\u00f3s o Federal Reserve, dos Estados Unidos, indicar na quarta que n\u00e3o v\u00ea uma retirada iminente dos est\u00edmulos monet\u00e1rios. Al\u00e9m disso, uma pesquisa divulgada pelo Instituto IFO indicou que o sentimento para neg\u00f3cios na Alemanha teve em setembro sua terceira queda consecutiva.<\/p>\n<p>Veja os principais indicadores \u00e0s 7h30 (hor\u00e1rio de Bras\u00edlia):<\/p>\n<p><strong>Estados Unidos<br \/>\n<\/strong>*Dow Jones Futuro (EUA), -0,23%<br \/>\n*S&amp;P 500 Futuro (EUA), -0,33%<br \/>\n*Nasdaq Futuro (EUA), -0,44%<\/p>\n<p><strong>Europa<br \/>\n<\/strong>*FTSE 100 (Reino Unido), -0,3%<br \/>\n*Dax (Alemanha), -0,76%<br \/>\n*CAC 40 (Fran\u00e7a), -0,92%<br \/>\n*FTSE MIB (It\u00e1lia), -0,37%<\/p>\n<p><strong>\u00c1sia<br \/>\n<\/strong>*Nikkei (Jap\u00e3o), +2,06% (fechado)<br \/>\n*Shanghai SE (China), -0,8% (fechado)<br \/>\n*Hang Seng Index (Hong Kong), -1,3% (fechado)<br \/>\n*Kospi (Coreia do Sul), -0,07% (n\u00e3o abriu)<\/p>\n<p><strong>Commodities e Bitcoin<br \/>\n<\/strong>*Petr\u00f3leo WTI, +0,05%, a US$ 73,34 o barril<br \/>\n*Petr\u00f3leo Brent, +0,21%, a US$ 77,41 o barril<br \/>\n*Bitcoin, -2,58% a US$ 42.484,41<br \/>\n*Sobre o min\u00e9rio: **O min\u00e9rio de ferro negociado na Bolsa de Dalian registra alta de 2,47%, a 684,5 iuanes, ou US$ 105,91<br \/>\nUSD\/CNY = 6,46<\/p>\n<ol start=\"2\">\n<li><strong> Agenda<\/strong><\/li>\n<\/ol>\n<p><strong>Brasil<br \/>\n<\/strong>8h: FGV divulga seu \u00edndice de confian\u00e7a do consumidor, relativo a setembro<br \/>\n9h: Infla\u00e7\u00e3o medida pelo IPCA-15, relativo a setembro, com proje\u00e7\u00e3o Refinitiv de alta de 1,02% frente agosto e de 9,93% na base anual<br \/>\n9h30: Dados sobre transa\u00e7\u00f5es correntes e investimento estrangeiro direto, relativos a agosto e denominados em d\u00f3lares<\/p>\n<p><strong>Estados Unidos<br \/>\n<\/strong>11h: Discurso de Jerome Powell, presidente do Fed<br \/>\n11h: Discurso de Michelle Bowman, integrante do Comit\u00ea Federal do Mercado Aberto (Fomc na sigla em ingl\u00eas), do Fed<br \/>\n11h: Dados de novas moradias de agosto<\/p>\n<p><strong>Europa<br \/>\n<\/strong>10h15: Pronunciamento de Philip Lane, do Banco Central Europeu<\/p>\n<ol start=\"3\">\n<li><strong> Contabiliza\u00e7\u00e3o da Covid, falas de Bolsonaro e Prevent Senior<\/strong><\/li>\n<\/ol>\n<p>Nesta quinta (23), a m\u00e9dia m\u00f3vel de mortes por Covid em 7 dias no Brasil ficou em 534, patamar 18% acima daquele de 14 dias antes. Em apenas um dia, foram registradas 661 mortes. As informa\u00e7\u00f5es s\u00e3o do cons\u00f3rcio de ve\u00edculos de imprensa que sistematiza dados sobre Covid coletados por secretarias de Sa\u00fade no Brasil, que divulgou, \u00e0s 20h, o avan\u00e7o da pandemia em 24 h. A m\u00e9dia m\u00f3vel de novos casos em 7 dias foi de 34.366, alta de 100% em rela\u00e7\u00e3o ao patamar de 14 dias antes. Em apenas um dia foram registrados 25.348 novos casos.<\/p>\n<p>Entre a semana passada e esta semana, a m\u00e9dia m\u00f3vel de novos casos saltou de cerca de 15 mil para 30 mil por conta da inser\u00e7\u00e3o de dezenas de milhares de dados represados ap\u00f3s um ajuste no sistema que organiza os dados. No decorrer de tr\u00eas dias na \u00faltima semana, Rio de Janeiro e S\u00e3o Paulo inclu\u00edram, ao todo, mais de 150 mil registros de casos.<\/p>\n<p>No in\u00edcio desta semana, o estado do Cear\u00e1 removeu 12.028 registros, por conta do que afirmou ser uma corre\u00e7\u00e3o no sistema que concentra os dados. Segundo o estado, essa corre\u00e7\u00e3o pode voltar a influir no c\u00f4mputo geral nos pr\u00f3ximos dias. Na ter\u00e7a (21), a Secretaria de Sa\u00fade do Estado da Bahia havia relatado instabilidade no sistema E-SUS Notifica, e por isso n\u00e3o divulgou a sua atualiza\u00e7\u00e3o. O estado de Roraima n\u00e3o registrou nenhuma nova morte na quarta (22). E o estado do Acre saltou do patamar de entre 0 e 2 mortes di\u00e1rias que vinha sendo registrado h\u00e1 dois meses para 18 mortes na ter\u00e7a (21). A secretaria estadual alega, no entanto, que s\u00e3o mortes antigas, que foram contabilizados apenas agora.<\/p>\n<p>Na segunda (20), o Minist\u00e9rio da Sa\u00fade afirmou que \u201cvem realizando melhorias no sistema e-SUS Notifica para melhor atender as a\u00e7\u00f5es de vigil\u00e2ncia\u201d. Os problemas n\u00e3o afetaram a contagem de mortos por Covid.<\/p>\n<p>Chegou a 144.307.827 o n\u00famero de pessoas que receberam a primeira dose da vacina contra a Covid no Brasil, o equivalente a 67,65% da popula\u00e7\u00e3o. A segunda dose ou a vacina de dose \u00fanica foi aplicada em 84.428.532 pessoas, ou 39,58% da popula\u00e7\u00e3o. A dose de refor\u00e7o foi aplicada em 471.117 pessoas, ou 0,22% da popula\u00e7\u00e3o.<\/p>\n<p>Em sua live semanal na quinta-feira (23), Bolsonaro afirmou que gostaria de ser o \u201ccomandante\u201d do Brasil para definir as regras de vacina\u00e7\u00e3o contra a Covid-19, e voltou a reclamar de ter sua autoridade relativizada por decis\u00f5es judiciais que reconhecem as prerrogativas de prefeitos e governadores para tomarem medidas pr\u00f3prias de imuniza\u00e7\u00e3o no n\u00edvel local.<\/p>\n<p>O presidente questionou mais uma vez a seguran\u00e7a da vacina\u00e7\u00e3o de adolescentes entre 12 e 17 anos, apesar de reconhecer a posi\u00e7\u00e3o da Ag\u00eancia Nacional de Vigil\u00e2ncia Sanit\u00e1ria (Anvisa) que autoriza a vacina\u00e7\u00e3o dessa faixa et\u00e1ria com o imunizante da Pfizer, e afirmou que gostaria de ser um \u201cnorte\u201d para as decis\u00f5es relacionadas ao tema. \u201cFalta \u00e9 um comandante para isso da\u00ed. Se eu fosse o comandante, eu saberia como agir, mas n\u00e3o sou o comandante. Eu posso falar que sou contra vacinar menores de 12 a 17\u2026 O governador e o prefeito podem ignorar isso da\u00ed e tomar a provid\u00eancia que achar que tem que tomar\u201d, disse o presidente. \u201cFalta \u00e9 um comandante no Brasil, eu queria ser esse comandante. Eu queria ter essa for\u00e7a para decidir. Eu me responsabilizo pelos meus atos\u201d, acrescentou.<\/p>\n<p>Al\u00e9m disso, o Minist\u00e9rio P\u00fablico de S\u00e3o Paulo criou uma for\u00e7a-tarefa dedicada a apurar as den\u00fancias contra a Prevent Senior. A operadora de sa\u00fade \u00e9 investigada pela CPI da Covid no Senado por supostas irregularidades, dentre elas a de ocultar mortes de pacientes por Covid, obrigar profissionais a prescrever medicamentos ineficazes, alterar prontu\u00e1rios de pacientes e us\u00e1-los como \u201ccobaias\u201d para testar a efic\u00e1cia da hidroxicloroquina e da azitromicina contra a Covid.<\/p>\n<p>A CPI da Covid marcou para a pr\u00f3xima quarta-feira (29) o depoimento do empres\u00e1rio Luciano Hang, dono da Havan e apoiador do presidente Bolsonaro. Sua m\u00e3e, Regina Hang, era paciente da Prevent Senior e morreu de Covid, mas isso n\u00e3o foi informado no atestado de \u00f3bito divulgado pelo Hospital Santa Maggiore, da operadora. Senadores querem investigar o suposto envolvimento de Hang na dissemina\u00e7\u00e3o de not\u00edcias falsas em torno da Covid, em especial na defesa de rem\u00e9dios ineficazes. Tamb\u00e9m foi convocada Bruna Morato, advogada dos m\u00e9dicos que denunciaram supostas irregularidades na Prevent Senior.<\/p>\n<p>Em entrevista publicada como capa da Folha de S. Paulo nesta sexta (24), o presidente-executivo da Prevent Senior, Fernando Parrillo, afirmou que o trabalho realizado pela operadora a respeito da cloroquina n\u00e3o seguiu padr\u00f5es cient\u00edficos de controle, e n\u00e3o provou a efic\u00e1cia do rem\u00e9dio contra a Covid. O trabalho foi citado por Bolsonaro e por outros defensores do rem\u00e9dio para este tipo de tratamento ineficaz. \u201cO artigo n\u00e3o prova que essas drogas funcionam porque, para isso, precisaria de pesquisa cient\u00edfica\u201d, afirmou Parrillo.<\/p>\n<ol start=\"4\">\n<li><strong> Reforma administrativa e Bolsa Fam\u00edlia <\/strong><\/li>\n<\/ol>\n<p>A comiss\u00e3o especial que discute o m\u00e9rito da reforma administrativa aprovou o texto principal da proposta na quinta-feira, sob cr\u00edticas e obstru\u00e7\u00e3o de integrantes da oposi\u00e7\u00e3o e de representantes dos servidores p\u00fablicos. O texto aprovado uma nova vers\u00e3o apresentada pelo relator, deputado Arthur Oliveira Maia (DEM-BA), nesta quinta, ainda pode ser alterado por emendas, destacadas para serem votadas separadamente. J\u00e1 foram protocolados mais de 20 destaques. Quando for encerrada a vota\u00e7\u00e3o na comiss\u00e3o especial, a mat\u00e9ria seguir\u00e1 ao plen\u00e1rio da C\u00e2mara.<\/p>\n<p>Al\u00e9m disso, o governo trabalha para convencer o Senado a aprovar a reforma do Imposto de Renda com o argumento de que n\u00e3o h\u00e1 carta na manga da equipe econ\u00f4mica para financiar a expans\u00e3o do programa de transfer\u00eancia de renda no ano que vem, disse uma fonte com conhecimento direto do assunto.<\/p>\n<p>Integrante do governo, a fonte pontuou \u00e0 ag\u00eancia Reuters em condi\u00e7\u00e3o de anonimato que, com a Proposta de Emenda \u00e0 Constitui\u00e7\u00e3o (PEC) dos Precat\u00f3rios, a medida \u00e9 crucial para viabilizar o Aux\u00edlio Brasil, como foi rebatizado o Bolsa Fam\u00edlia, e todos os esfor\u00e7os de articula\u00e7\u00e3o pol\u00edtica est\u00e3o concentrados nessas duas frentes. \u201cBolsa Fam\u00edlia \u00e9 igual a Precat\u00f3rio mais IR\u201d, resumiu.<\/p>\n<p>A ideia \u00e9 que o programa alcance 17 milh\u00f5es de fam\u00edlias, ante 14 milh\u00f5es atualmente, com benef\u00edcio m\u00e9dio de cerca de R$ 300, contra cerca de R$ 190 hoje. Na quarta-feira (22), o secret\u00e1rio especial do Tesouro e Or\u00e7amento, Bruno Funchal, indicou que a expans\u00e3o do programa demanda R$ 26 bilh\u00f5es ao ano, o que levaria seu custo total a cerca de R$ 60 bilh\u00f5es.<\/p>\n<p>Como o Bolsa Fam\u00edlia consiste em uma despesa de car\u00e1ter continuado, para torn\u00e1-lo maior o governo precisa indicar essa compensa\u00e7\u00e3o para seu financiamento \u2013o que seria feito pela tributa\u00e7\u00e3o de dividendos na reforma do IR\u2013, al\u00e9m de encontrar espa\u00e7o, sob a regra do teto, para acomod\u00e1-lo, o que viria com a PEC dos Precat\u00f3rios. De um lado, h\u00e1 a leitura de que o relator da PEC na comiss\u00e3o especial da C\u00e2mara, deputado Hugo Motta (Republicanos-PB), ir\u00e1 finalizar seu parecer em duas semanas e que o tema ir\u00e1 avan\u00e7ar.<\/p>\n<p>Mas a equipe econ\u00f4mica, de acordo com a fonte, n\u00e3o trabalha por ora com plano B para o financiamento do programa de transfer\u00eancia de renda, raz\u00e3o pela qual considera crucial o Senado caminhar com o texto do IR, que j\u00e1 recebeu chancela da C\u00e2mara dos Deputados. Segundo a fonte, membros do time do ministro Paulo Guedes t\u00eam buscado enfatizar que, sem a solu\u00e7\u00e3o do IR, sa\u00eddas heterodoxas ventiladas por parlamentares, como uma nova renova\u00e7\u00e3o do aux\u00edlio emergencial \u2013feita via cr\u00e9dito extraordin\u00e1rio e sem necessidade de cumprir o teto de gastos\u2013, desestabilizariam a economia e seriam mal vistas pelo mercado.<\/p>\n<p>Uma cartilha preparada pelo Minist\u00e9rio da Economia tem sido exibida a senadores mostrando os pontos altos da reforma, incluindo a informa\u00e7\u00e3o de que a tributa\u00e7\u00e3o de 15% sobre dividendos atingiria o universo de 20,8 mil brasileiros mais ricos, que receberam R$ 230 bilh\u00f5es em rendimentos isentos.<\/p>\n<ol start=\"5\">\n<li><strong> Radar corporativo<\/strong><\/li>\n<\/ol>\n<p><strong>Hapvida (HAPV3) e SulAm\u00e9rica (SULA11)<br \/>\n<\/strong>Depois de analisar as propostas, os acionistas da HB Sa\u00fade aprovaram a venda da companhia para a Hapvida por R$ 650 milh\u00f5es, segundo comunicado ao mercado enviado pela companhia de capital aberto na manh\u00e3 desta sexta-feira (24). A segunda maior operadora de sa\u00fade de S\u00e3o Jos\u00e9 do Rio Preto (SP) tamb\u00e9m estava sendo disputada pela SulAm\u00e9rica, que fez uma \u00faltima oferta de R$ 563 milh\u00f5es, mas os s\u00f3cios da HB optaram pela outra proposta. A oferta da Hapvida foi aceita por acionistas que representam cerca de 59% do capital total. Como o valor da oferta foi de R$ 650,0 milh\u00f5es para a aquisi\u00e7\u00e3o de 100% do Grupo HB Sa\u00fade, o desembolso previsto para cerca de 59% do capital total seria de aproximadamente R$ 383,5 milh\u00f5es.<\/p>\n<p><strong>Embraer (EMBR3)<br \/>\n<\/strong>A Embraer anunciou parceria com a empresa norte-americana Pyka para a comercializa\u00e7\u00e3o de uma aeronave el\u00e9trica, aut\u00f4noma, e voltada a aplica\u00e7\u00f5es agr\u00edcolas. A aeronave, Pelican, foi desenvolvida pela Pyka e, segundo a Embraer, \u00e9 \u201co primeiro e \u00fanico avi\u00e3o 100% el\u00e9trico aut\u00f4nomo com certifica\u00e7\u00e3o comercial do mundo\u201d. A fabricante brasileira afirmou que a parceria com a norte-americana \u00e9 voltada para tecnologia, certifica\u00e7\u00e3o, opera\u00e7\u00e3o e futura comercializa\u00e7\u00e3o do Pelican. As companhias afirmaram que buscar\u00e3o oportunidades de potencializar servi\u00e7os comerciais aut\u00f4nomos, conforme a opera\u00e7\u00e3o do Pelican se desenvolver no Brasil nos pr\u00f3ximos anos. O modelo j\u00e1 soma mais de mais de 3.000 \u201cmiss\u00f5es aut\u00f4nomas\u2026A tecnologia de propriedade da Pyka envolve software de controle de voo aut\u00f4nomo, computadores de bordo, baterias de alta densidade de energia, controladores de motor de alta densidade de pot\u00eancia e fuselagens de fibra de carbono certificadas\u201d, afirmou a Embraer.<\/p>\n<p><strong>brMalls (BRML3)<br \/>\n<\/strong>A operadora de shopping centers brMalls anunciou a compra da empresa de comercializa\u00e7\u00e3o de m\u00eddia Helloo, por valor n\u00e3o revelado. Segundo a brMalls, a Helloo \u00e9 especializada em comercializa\u00e7\u00e3o de m\u00eddia out of home (OOH) em elevadores situados em edif\u00edcios residenciais.<\/p>\n<p>A companhia afirmou que aquisi\u00e7\u00e3o serve para ampliar \u201cdomin\u00e2ncia dos shoppings da brMalls nas \u00e1reas de influ\u00eancia, desenvolver novas receitas com alto potencial de crescimento e monetizar os relacionamentos com consumidores, lojistas e anunciantes\u201d.<\/p>\n<p><strong>Ecorodovias (ECOR3)<br \/>\n<\/strong>O conselho de administra\u00e7\u00e3o da Ecorodovias indicou o italiano Gianfranco Catrini para a presid\u00eancia-executiva da companhia. A posse de Catrini fica condicionada \u00e0 \u201cobten\u00e7\u00e3o de todos os registros e autoriza\u00e7\u00f5es necess\u00e1rios perante os \u00f3rg\u00e3os competentes\u201d, afirmou a Ecorodovias em fato relevante ao mercado. O executivo \u00e9 formado em administra\u00e7\u00e3o e j\u00e1 trabalhou na Impregilo International Infrastructures, WeBuild e Lane Industries, informou a companhia.<\/p>\n<p><strong>B3 (B3SA3)<br \/>\n<\/strong>O Conselho da B3 aprova JCP de R$ 268,5 milh\u00f5es e dividendos de R$ 913,3 milh\u00f5es a acionistas relativos ao resultado do segundo trimestre.<\/p>\n<p><strong>BRF (BRFS3) e Marfrig (MRFG3)<br \/>\n<\/strong>O Conselho Administrativo de Defesa Econ\u00f4mica (Cade) emitiu parecer aprovando, sem restri\u00e7\u00f5es, a aquisi\u00e7\u00e3o de a\u00e7\u00f5es da BRF pela Marfrig Global Foods. Em junho, a processadora de carne bovina elevou sua participa\u00e7\u00e3o na empresa de alimentos BRF para aproximadamente 31,66%, por meio de leil\u00e3o na B3.<\/p>\n<p>Fonte: InfoMoney com Reuters, Estad\u00e3o e Bloomberg<\/p>\n","protected":false},"excerpt":{"rendered":"<p>Depois de duas sess\u00f5es de al\u00edvio para os principais \u00edndices mundiais, as bolsas voltam a registrar movimento de queda, com o caso Evergrande mais uma&#8230;<\/p>\n","protected":false},"author":1527,"featured_media":34514,"comment_status":"closed","ping_status":"closed","sticky":false,"template":"","format":"standard","meta":{"footnotes":""},"categories":[6],"tags":[],"class_list":["post-35888","post","type-post","status-publish","format-standard","has-post-thumbnail","hentry","category-noticias"],"_links":{"self":[{"href":"https:\/\/www.sincomam.org.br\/index.php\/wp-json\/wp\/v2\/posts\/35888","targetHints":{"allow":["GET"]}}],"collection":[{"href":"https:\/\/www.sincomam.org.br\/index.php\/wp-json\/wp\/v2\/posts"}],"about":[{"href":"https:\/\/www.sincomam.org.br\/index.php\/wp-json\/wp\/v2\/types\/post"}],"author":[{"embeddable":true,"href":"https:\/\/www.sincomam.org.br\/index.php\/wp-json\/wp\/v2\/users\/1527"}],"replies":[{"embeddable":true,"href":"https:\/\/www.sincomam.org.br\/index.php\/wp-json\/wp\/v2\/comments?post=35888"}],"version-history":[{"count":1,"href":"https:\/\/www.sincomam.org.br\/index.php\/wp-json\/wp\/v2\/posts\/35888\/revisions"}],"predecessor-version":[{"id":35889,"href":"https:\/\/www.sincomam.org.br\/index.php\/wp-json\/wp\/v2\/posts\/35888\/revisions\/35889"}],"wp:featuredmedia":[{"embeddable":true,"href":"https:\/\/www.sincomam.org.br\/index.php\/wp-json\/wp\/v2\/media\/34514"}],"wp:attachment":[{"href":"https:\/\/www.sincomam.org.br\/index.php\/wp-json\/wp\/v2\/media?parent=35888"}],"wp:term":[{"taxonomy":"category","embeddable":true,"href":"https:\/\/www.sincomam.org.br\/index.php\/wp-json\/wp\/v2\/categories?post=35888"},{"taxonomy":"post_tag","embeddable":true,"href":"https:\/\/www.sincomam.org.br\/index.php\/wp-json\/wp\/v2\/tags?post=35888"}],"curies":[{"name":"wp","href":"https:\/\/api.w.org\/{rel}","templated":true}]}}