{"id":35883,"date":"2021-09-23T09:52:25","date_gmt":"2021-09-23T12:52:25","guid":{"rendered":"http:\/\/www.sincomam.org.br\/?p=35883"},"modified":"2021-09-23T09:52:25","modified_gmt":"2021-09-23T12:52:25","slug":"portos-do-parana-investiu-r-14-milhoes-no-combate-a-covid-19-com-25-milhoes-de-triagens-2","status":"publish","type":"post","link":"https:\/\/www.sincomam.org.br\/index.php\/portos-do-parana-investiu-r-14-milhoes-no-combate-a-covid-19-com-25-milhoes-de-triagens-2\/","title":{"rendered":"Portos do Paran\u00e1 investiu R$ 14 milh\u00f5es no combate \u00e0 Covid-19 com 2,5 milh\u00f5es de triagens"},"content":{"rendered":"<p>Em um ano e meio, a Portos do Paran\u00e1 investiu cerca de R$ 14 milh\u00f5es na preven\u00e7\u00e3o e combate \u00e0 Covid-19. Desde o final de mar\u00e7o de 2020 e at\u00e9 22 de setembro de 2021, a empresa p\u00fablica mant\u00e9m uma estrutura sanit\u00e1ria refor\u00e7ada, incluindo equipe m\u00e9dica e de enfermagem alinhada com os protocolos do governo federal, do Estado e dos munic\u00edpios de Paranagu\u00e1 e Antonina.<\/p>\n<p>\u201cMesmo antes da Covid-19 ser declarada pandemia pela Organiza\u00e7\u00e3o Mundial da Sa\u00fade (OMS), j\u00e1 faz\u00edamos um trabalho intenso para proteger os nossos trabalhadores, tanto no acesso \u00e0 faixa portu\u00e1ria, como no acesso dos caminhoneiros ou na \u00e1rea de administra\u00e7\u00e3o. Esses setores n\u00e3o pararam um dia sequer\u201d, lembra o diretor-presidente da Portos do Paran\u00e1, Luiz Fernando Garcia.<\/p>\n<p>As atividades que v\u00eam sendo desenvolvidas ao longo desses 18 meses s\u00e3o campanhas educativas, comunica\u00e7\u00e3o constante, contrata\u00e7\u00e3o de empresas especializadas em sanitiza\u00e7\u00e3o e desinfec\u00e7\u00e3o, disponibiliza\u00e7\u00e3o de \u00e1lcool em gel, m\u00e1scaras e estrutura de banheiros e pias para a higieniza\u00e7\u00e3o das m\u00e3os. \u201c\u00c9 importante ressaltar o esfor\u00e7o de toda a nossa equipe, em parceria com a Secretaria de Estado da Sa\u00fade, pela regional do Litoral, e com as secretarias municipais para conseguir vacinar toda a comunidade portu\u00e1ria de Paranagu\u00e1 e Antonina\u201d, afirma Garcia.<\/p>\n<p>A primeira dose da vacina foi aplicada no final de maio deste ano. O ciclo da imuniza\u00e7\u00e3o, com a segunda dose, aconteceu em agosto. \u201cEstimamos que quase 90% dos trabalhadores portu\u00e1rios do Paran\u00e1 j\u00e1 est\u00e3o completamente imunizados. Por\u00e9m, seguimos com as medidas de preven\u00e7\u00e3o como a exig\u00eancia do uso de m\u00e1scara, \u00e1lcool em gel e do distanciamento\u201d, diz o diretor-presidente.<\/p>\n<p><strong>RETORNO<\/strong> \u2013 Imunizados, desde o dia 1\u00ba de setembro os colaboradores da Portos do Paran\u00e1 \u2013 cerca de 525 pessoas, que estavam trabalhando de forma remota, em regime de revezamento e escala \u2013 j\u00e1 retornaram ao trabalho presencial. Como explica o diretor de Meio Ambiente da Portos do Paran\u00e1, Jo\u00e3o Paulo Ribeiro Santana, o retorno foi poss\u00edvel gra\u00e7as aos resultados positivos do trabalho de preven\u00e7\u00e3o. \u201cNo m\u00eas de agosto, segundo os registros da nossa equipe de sa\u00fade e seguran\u00e7a do trabalho, os atendimentos necess\u00e1rios representaram 0,003% do total de trabalhadores que passaram pela aferi\u00e7\u00e3o dos t\u00e9cnicos e t\u00e9cnicas de enfermagem\u201d, afirma Santana.<\/p>\n<p>Ele ainda detalha que dos 26.359 caminhoneiros que passaram pela triagem de sa\u00fade no p\u00e1tio, apenas 1 foi encaminhado com alguma queixa; e dos 124.840 trabalhadores que acessaram o cais do Porto de Paranagu\u00e1 no m\u00eas, tr\u00eas precisaram passar pelo m\u00e9dico.<\/p>\n<p>\u201cA queda \u00e9 significativa no n\u00famero de atendimentos m\u00e9dicos em encaminhamentos preventivos \u00e0 Covid-19. Antes da vacina, em maio, no acesso \u00e0 faixa portu\u00e1ria, chegamos a registrar 32 atendimentos m\u00e9dicos e 16 coletas de exame RT-PCR. Em agosto, n\u00e3o foi feita coleta de exame\u201d, completa o diretor de Meio Ambiente.<\/p>\n<p><strong>ATENDIMENTOS<\/strong> \u2013 De 25 de mar\u00e7o de 2020 at\u00e9 31 de agosto de 2021 foram realizadas 2.509.648 triagens de sa\u00fade (com aferi\u00e7\u00e3o de temperatura e question\u00e1rio da equipe de enfermagem). Desse total, 762 atendimentos m\u00e9dicos foram realizados, sendo que 313 pessoas apresentaram sintomas de Covid-19. Foram considerados suspeitos 282 casos, sendo que a grande maioria \u2013 248 casos &#8211; foram descartados depois de realizarem o exame por RT-PCR. Trinta foram encaminhados para o sistema p\u00fablico municipal de sa\u00fade, como exige o protocolo. Outras quatro pessoas n\u00e3o precisaram ser encaminhadas, apenas cumpriram a quarentena em casa.<\/p>\n<p><strong>CONTINUIDADE<\/strong> \u2013 Al\u00e9m da exig\u00eancia do uso obrigat\u00f3rio de m\u00e1scara, permanecem as recomenda\u00e7\u00f5es de higieniza\u00e7\u00e3o das m\u00e3os e distanciamento social, segundo a Ger\u00eancia de Sa\u00fade e Seguran\u00e7a do Trabalho da Portos do Paran\u00e1.<\/p>\n<p>Tamb\u00e9m continuam, por tempo indeterminado, a disponibilidade da ambul\u00e2ncia dedicada para remo\u00e7\u00e3o, se necess\u00e1ria, de tripulantes com Covid-19; espa\u00e7os de higieniza\u00e7\u00e3o na entrada interna do Pr\u00e9dio Dom Pedro II (estruturas disponibilizadas pelo \u00d3rg\u00e3o Gestor de M\u00e3o de Obra dos trabalhadores portu\u00e1rios avulsos do Porto de Paranagu\u00e1 &#8211; OGMO); disponibiliza\u00e7\u00e3o de \u00e1lcool em gel em todos os acessos de pessoas e ve\u00edculos; higieniza\u00e7\u00e3o constante dos torniquetes e leitores de crach\u00e1; e atendimento limitado ao distanciamento social nos locais de ac\u00famulo de pessoas (portaria e credenciamento); al\u00e9m das campanhas e cartazes de orienta\u00e7\u00e3o sobre as medidas preventivas.<\/p>\n<p>Fonte: Ag\u00eancia de Not\u00edcias do Paran\u00e1<\/p>\n","protected":false},"excerpt":{"rendered":"<p>Em um ano e meio, a Portos do Paran\u00e1 investiu cerca de R$ 14 milh\u00f5es na preven\u00e7\u00e3o e combate \u00e0 Covid-19. Desde o final de&#8230;<\/p>\n","protected":false},"author":1527,"featured_media":33732,"comment_status":"closed","ping_status":"closed","sticky":false,"template":"","format":"standard","meta":{"footnotes":""},"categories":[6],"tags":[],"class_list":["post-35883","post","type-post","status-publish","format-standard","has-post-thumbnail","hentry","category-noticias"],"_links":{"self":[{"href":"https:\/\/www.sincomam.org.br\/index.php\/wp-json\/wp\/v2\/posts\/35883","targetHints":{"allow":["GET"]}}],"collection":[{"href":"https:\/\/www.sincomam.org.br\/index.php\/wp-json\/wp\/v2\/posts"}],"about":[{"href":"https:\/\/www.sincomam.org.br\/index.php\/wp-json\/wp\/v2\/types\/post"}],"author":[{"embeddable":true,"href":"https:\/\/www.sincomam.org.br\/index.php\/wp-json\/wp\/v2\/users\/1527"}],"replies":[{"embeddable":true,"href":"https:\/\/www.sincomam.org.br\/index.php\/wp-json\/wp\/v2\/comments?post=35883"}],"version-history":[{"count":1,"href":"https:\/\/www.sincomam.org.br\/index.php\/wp-json\/wp\/v2\/posts\/35883\/revisions"}],"predecessor-version":[{"id":35884,"href":"https:\/\/www.sincomam.org.br\/index.php\/wp-json\/wp\/v2\/posts\/35883\/revisions\/35884"}],"wp:featuredmedia":[{"embeddable":true,"href":"https:\/\/www.sincomam.org.br\/index.php\/wp-json\/wp\/v2\/media\/33732"}],"wp:attachment":[{"href":"https:\/\/www.sincomam.org.br\/index.php\/wp-json\/wp\/v2\/media?parent=35883"}],"wp:term":[{"taxonomy":"category","embeddable":true,"href":"https:\/\/www.sincomam.org.br\/index.php\/wp-json\/wp\/v2\/categories?post=35883"},{"taxonomy":"post_tag","embeddable":true,"href":"https:\/\/www.sincomam.org.br\/index.php\/wp-json\/wp\/v2\/tags?post=35883"}],"curies":[{"name":"wp","href":"https:\/\/api.w.org\/{rel}","templated":true}]}}