{"id":35874,"date":"2021-09-23T09:27:56","date_gmt":"2021-09-23T12:27:56","guid":{"rendered":"http:\/\/www.sincomam.org.br\/?p=35874"},"modified":"2021-09-23T09:27:56","modified_gmt":"2021-09-23T12:27:56","slug":"antaq-realizara-audiencia-virtual-sobre-extrafrete-e-sobretaxas-do-transporte-maritimo-2","status":"publish","type":"post","link":"https:\/\/www.sincomam.org.br\/index.php\/antaq-realizara-audiencia-virtual-sobre-extrafrete-e-sobretaxas-do-transporte-maritimo-2\/","title":{"rendered":"Antaq realizar\u00e1 audi\u00eancia virtual sobre extrafrete e sobretaxas do transporte mar\u00edtimo"},"content":{"rendered":"<p>A Ag\u00eancia Nacional de Transportes Aquavi\u00e1rios (Antaq) realizar\u00e1, em 27 de setembro, a partir das 15h, audi\u00eancia virtual sobre o Tema 2.3 da Agenda Regulat\u00f3ria Bi\u00eanio 2020\/2021 &#8211; Aprimorar a transpar\u00eancia na cobran\u00e7a dos valores extrafrete e sobretaxas do transporte mar\u00edtimo. Trata-se da Audi\u00eancia P\u00fablica n\u00ba 16\/2021.<\/p>\n<p>A din\u00e2mica da audi\u00eancia p\u00fablica virtual ser\u00e1 a seguinte:<\/p>\n<p>Toda a sess\u00e3o virtual ser\u00e1 transmitida via streaming a toda a Internet, gravada e disponibilizada no canal da Antaq no &#8220;Youtube&#8221;;<\/p>\n<p>N\u00e3o \u00e9 necess\u00e1ria inscri\u00e7\u00e3o para assistir \u00e0 Audi\u00eancia P\u00fablica;<\/p>\n<p>Os interessados em manifestar-se na audi\u00eancia dever\u00e3o se inscrever pelo aplicativo de mensagens &#8220;Whatsapp&#8221; no n\u00famero (61) 2029-6940. O per\u00edodo de inscri\u00e7\u00e3o ser\u00e1 das 10h \u00e0s 14h do dia 27 de setembro de 2021;<\/p>\n<p>Os interessados poder\u00e3o enviar sua contribui\u00e7\u00e3o por v\u00eddeo, \u00e1udio ou at\u00e9 mesmo por escrito no &#8220;Whatsapp&#8221;;<\/p>\n<p>Os interessados tamb\u00e9m poder\u00e3o se manifestar entrando na sala de reuni\u00e3o criada no aplicativo &#8220;Zoom&#8221;. Para isso, no ato de inscri\u00e7\u00e3o, o interessado dever\u00e1 se manifestar nesse sentido e encaminhar seu endere\u00e7o eletr\u00f4nico de login no &#8220;Zoom&#8221; para ser convidado a entrar na sala na sua vez; e<\/p>\n<p>Em caso de problemas computacionais para utiliza\u00e7\u00e3o da ferramenta &#8220;ZOOM&#8221;, ser\u00e1 realizada uma segunda tentativa de conex\u00e3o ao final de todas as contribui\u00e7\u00f5es ou o interessado poder\u00e1 encaminhar sua contribui\u00e7\u00e3o pelo &#8220;Whatsapp&#8221;.<\/p>\n<p>Fonte: Antaq<\/p>\n","protected":false},"excerpt":{"rendered":"<p>A Ag\u00eancia Nacional de Transportes Aquavi\u00e1rios (Antaq) realizar\u00e1, em 27 de setembro, a partir das 15h, audi\u00eancia virtual sobre o Tema 2.3 da Agenda Regulat\u00f3ria&#8230;<\/p>\n","protected":false},"author":1527,"featured_media":34959,"comment_status":"closed","ping_status":"closed","sticky":false,"template":"","format":"standard","meta":{"footnotes":""},"categories":[6],"tags":[],"class_list":["post-35874","post","type-post","status-publish","format-standard","has-post-thumbnail","hentry","category-noticias"],"_links":{"self":[{"href":"https:\/\/www.sincomam.org.br\/index.php\/wp-json\/wp\/v2\/posts\/35874","targetHints":{"allow":["GET"]}}],"collection":[{"href":"https:\/\/www.sincomam.org.br\/index.php\/wp-json\/wp\/v2\/posts"}],"about":[{"href":"https:\/\/www.sincomam.org.br\/index.php\/wp-json\/wp\/v2\/types\/post"}],"author":[{"embeddable":true,"href":"https:\/\/www.sincomam.org.br\/index.php\/wp-json\/wp\/v2\/users\/1527"}],"replies":[{"embeddable":true,"href":"https:\/\/www.sincomam.org.br\/index.php\/wp-json\/wp\/v2\/comments?post=35874"}],"version-history":[{"count":1,"href":"https:\/\/www.sincomam.org.br\/index.php\/wp-json\/wp\/v2\/posts\/35874\/revisions"}],"predecessor-version":[{"id":35875,"href":"https:\/\/www.sincomam.org.br\/index.php\/wp-json\/wp\/v2\/posts\/35874\/revisions\/35875"}],"wp:featuredmedia":[{"embeddable":true,"href":"https:\/\/www.sincomam.org.br\/index.php\/wp-json\/wp\/v2\/media\/34959"}],"wp:attachment":[{"href":"https:\/\/www.sincomam.org.br\/index.php\/wp-json\/wp\/v2\/media?parent=35874"}],"wp:term":[{"taxonomy":"category","embeddable":true,"href":"https:\/\/www.sincomam.org.br\/index.php\/wp-json\/wp\/v2\/categories?post=35874"},{"taxonomy":"post_tag","embeddable":true,"href":"https:\/\/www.sincomam.org.br\/index.php\/wp-json\/wp\/v2\/tags?post=35874"}],"curies":[{"name":"wp","href":"https:\/\/api.w.org\/{rel}","templated":true}]}}