{"id":35850,"date":"2021-09-22T10:41:56","date_gmt":"2021-09-22T13:41:56","guid":{"rendered":"http:\/\/www.sincomam.org.br\/?p=35850"},"modified":"2021-09-23T10:03:55","modified_gmt":"2021-09-23T13:03:55","slug":"regulacao-consulta-debate-a-composicao-de-indicadores-de-performance-organizacional-do-operador-nacional-do-sistema-eletrico-ons","status":"publish","type":"post","link":"https:\/\/www.sincomam.org.br\/index.php\/regulacao-consulta-debate-a-composicao-de-indicadores-de-performance-organizacional-do-operador-nacional-do-sistema-eletrico-ons\/","title":{"rendered":"Regula\u00e7\u00e3o: consulta debate a composi\u00e7\u00e3o de indicadores de Performance Organizacional do Operador Nacional do Sistema El\u00e9trico (ONS)"},"content":{"rendered":"<p>A Ag\u00eancia Nacional de Energia El\u00e9trica (Aneel) aprovou, nesta ter\u00e7a-feira (21), abertura da Consulta P\u00fablica n\u00ba 059\/2021 para discutir a composi\u00e7\u00e3o de indicadores de desempenho do programa de Performance Organizacional do Operador Nacional do Sistema El\u00e9trico (ONS) para o ciclo janeiro de 2022 a dezembro de 2023.<\/p>\n<p>Os indicadores do programa de Performance Organizacional (PO) e suas metas t\u00eam o objetivo de estimular a conduta eficiente e incentivar o comportamento das a\u00e7\u00f5es do ONS na execu\u00e7\u00e3o de suas atividades final\u00edsticas. Por isso, esses indicadores devem ser par\u00e2metros que focam em processos importantes do ONS para a opera\u00e7\u00e3o do Sistema Interligado Nacional (SIN).<\/p>\n<p>O assunto foi previamente debatido na Tomada de Subs\u00eddios (TS) n\u00ba 008\/2021. Ap\u00f3s avalia\u00e7\u00e3o das contribui\u00e7\u00f5es recebidas via TS, prop\u00f5e-se que sejam mantidos, na \u00edntegra, seis dos quinze indicadores:<\/p>\n<p>Indicador de Previs\u00e3o da Carga (IPC);<br \/>\nIndicador de Previs\u00e3o da Energia Natural Afluente (IPE);<br \/>\nIndicador de Atendimento ao Limite de Desempenho da Frequ\u00eancia em Regime Permanente (ADFP);<br \/>\nIndicador Atendimento do Prazo para Emiss\u00e3o de Termo de Libera\u00e7\u00e3o (ATL);<br \/>\nIndicador de Atendimento do prazo para emiss\u00e3o do Parecer de Acesso (APA);<br \/>\nIndicador de Previs\u00e3o de Gera\u00e7\u00e3o de Energia E\u00f3lica (IPEOL).<\/p>\n<p><strong>Dos nove restantes, prop\u00f5e-se que dois tenham a forma de apura\u00e7\u00e3o modificada, conforme detalhado a seguir, e a substitui\u00e7\u00e3o dos demais:<br \/>\n<\/strong>Indicador de Atendimento ao Limite de Desempenho da Tens\u00e3o em Regime Permanente (ADTP): atualmente, s\u00e3o selecionadas 79 barras na apura\u00e7\u00e3o. Com o objetivo de aumentar a abrang\u00eancia da apura\u00e7\u00e3o do indicador sugere-se um aumento gradual das barras selecionadas at\u00e9 atingir a totalidade.<\/p>\n<p>Indicador de Atendimento ao Limite de Desempenho dos Fluxos Sist\u00eamicos (ADFS): sugere-se aumentar de 98% para 99% o \u00edndice usado no c\u00e1lculo do ADFS, para cada per\u00edodo de viola\u00e7\u00e3o das faixas de seguran\u00e7a dos estudos el\u00e9tricos em cada fluxo sist\u00eamico.<\/p>\n<p><strong>Por \u00faltimo, \u00e9 proposta a cria\u00e7\u00e3o de indicadores:<br \/>\n<\/strong>Indicador de Previs\u00e3o de Gera\u00e7\u00e3o Solar Fotovoltaica (IPFv), que visa mensurar os desvios entre os valores previstos e verificados de gera\u00e7\u00e3o de energia solar em face do crescimento da participa\u00e7\u00e3o dessa fonte na matriz de suprimento do pa\u00eds.<\/p>\n<p>Indicador de Refor\u00e7os de Pequeno Porte (IRPP), cujo objetivo \u00e9 aprimorar o processo de an\u00e1lise de obras de refor\u00e7os de pequeno porte realizado pelo ONS.<\/p>\n<p>Atua\u00e7\u00e3o na Conformidade do Fator de Pot\u00eancia (ACFP), dada a necessidade de avalia\u00e7\u00e3o das quest\u00f5es relacionadas ao tratamento do fator de pot\u00eancia na Rede B\u00e1sica e Rede B\u00e1sica de Fronteira.<\/p>\n<p>Indicador de Prazo de Aplica\u00e7\u00e3o de Parcela Vari\u00e1vel (IPAPV), que tem o prop\u00f3sito de aumentar o desempenho do ONS quanto ao cumprimento na aplica\u00e7\u00e3o de descontos relativos \u00e0 Parcela Vari\u00e1vel e garantir o atendimento aos prazos regulamentares estabelecidos nos Procedimentos de Rede.<\/p>\n<p>Indicador Dessem, que visa mensurar os desvios entre os valores previstos e verificados do modelo computacional utilizado pelo ONS para realizar a programa\u00e7\u00e3o di\u00e1ria da opera\u00e7\u00e3o.<\/p>\n<p>Interessados devem enviar suas contribui\u00e7\u00f5es para o e-mail cp059_2021@aneel.gov.br entre 22\/9 e 5\/11\/2021. Para mais informa\u00e7\u00f5es sobre a consulta, acesse: https:\/\/www.aneel.gov.br\/consultas-publicas.<\/p>\n<p>Fonte: Aneel<\/p>\n","protected":false},"excerpt":{"rendered":"<p>A Ag\u00eancia Nacional de Energia El\u00e9trica (Aneel) aprovou, nesta ter\u00e7a-feira (21), abertura da Consulta P\u00fablica n\u00ba 059\/2021 para discutir a composi\u00e7\u00e3o de indicadores de desempenho&#8230;<\/p>\n","protected":false},"author":1527,"featured_media":19427,"comment_status":"closed","ping_status":"closed","sticky":false,"template":"","format":"standard","meta":{"footnotes":""},"categories":[6],"tags":[],"class_list":["post-35850","post","type-post","status-publish","format-standard","has-post-thumbnail","hentry","category-noticias"],"_links":{"self":[{"href":"https:\/\/www.sincomam.org.br\/index.php\/wp-json\/wp\/v2\/posts\/35850","targetHints":{"allow":["GET"]}}],"collection":[{"href":"https:\/\/www.sincomam.org.br\/index.php\/wp-json\/wp\/v2\/posts"}],"about":[{"href":"https:\/\/www.sincomam.org.br\/index.php\/wp-json\/wp\/v2\/types\/post"}],"author":[{"embeddable":true,"href":"https:\/\/www.sincomam.org.br\/index.php\/wp-json\/wp\/v2\/users\/1527"}],"replies":[{"embeddable":true,"href":"https:\/\/www.sincomam.org.br\/index.php\/wp-json\/wp\/v2\/comments?post=35850"}],"version-history":[{"count":1,"href":"https:\/\/www.sincomam.org.br\/index.php\/wp-json\/wp\/v2\/posts\/35850\/revisions"}],"predecessor-version":[{"id":35851,"href":"https:\/\/www.sincomam.org.br\/index.php\/wp-json\/wp\/v2\/posts\/35850\/revisions\/35851"}],"wp:featuredmedia":[{"embeddable":true,"href":"https:\/\/www.sincomam.org.br\/index.php\/wp-json\/wp\/v2\/media\/19427"}],"wp:attachment":[{"href":"https:\/\/www.sincomam.org.br\/index.php\/wp-json\/wp\/v2\/media?parent=35850"}],"wp:term":[{"taxonomy":"category","embeddable":true,"href":"https:\/\/www.sincomam.org.br\/index.php\/wp-json\/wp\/v2\/categories?post=35850"},{"taxonomy":"post_tag","embeddable":true,"href":"https:\/\/www.sincomam.org.br\/index.php\/wp-json\/wp\/v2\/tags?post=35850"}],"curies":[{"name":"wp","href":"https:\/\/api.w.org\/{rel}","templated":true}]}}