{"id":35845,"date":"2021-09-22T10:17:15","date_gmt":"2021-09-22T13:17:15","guid":{"rendered":"http:\/\/www.sincomam.org.br\/?p=35845"},"modified":"2021-09-23T10:04:31","modified_gmt":"2021-09-23T13:04:31","slug":"portugal-ainda-nao-aceita-certificado-de-vacinacao-do-brasil-e-brasileiros-precisam-apresentar-teste-negativo","status":"publish","type":"post","link":"https:\/\/www.sincomam.org.br\/index.php\/portugal-ainda-nao-aceita-certificado-de-vacinacao-do-brasil-e-brasileiros-precisam-apresentar-teste-negativo\/","title":{"rendered":"Portugal ainda n\u00e3o aceita certificado de vacina\u00e7\u00e3o do Brasil e brasileiros precisam apresentar teste negativo"},"content":{"rendered":"<p>O embaixador de Portugal no Brasil, Lu\u00eds Faro Ramos, publicou um v\u00eddeo nas redes sociais para esclarecer que o governo portugu\u00eas ainda n\u00e3o aceita o certificado de vacina\u00e7\u00e3o contra a covid-19 emitido pelo governo brasileiro.<\/p>\n<p>Segundo o embaixador, todos os brasileiros que desejarem entrar em Portugal ainda necessitam apresentar teste PCR negativo que tenha sido realizado ao menos 72 horas antes do embarque ou teste de ant\u00edgeno que tenha sido realizado com no m\u00ednimo 48 horas de anteced\u00eancia ao voo.<\/p>\n<p>A regra foi estabelecida em 1\u00ba de setembro, quando o pa\u00eds europeu anunciou a abertura a brasileiros em viagens n\u00e3o essenciais. \u201cNo \u00faltimo fim de semana, surgiram algumas not\u00edcias dizendo que Portugal reconhecia o certificado de vacina\u00e7\u00e3o covid emitido pelas autoridades brasileiras. Essas not\u00edcias n\u00e3o s\u00e3o totalmente corretas\u201d, disse Ramos nesta ter\u00e7a (21).<\/p>\n<p>No s\u00e1bado (18), um comunicado \u00e0 imprensa do governo portugu\u00eas informou que \u201cpassam a ser reconhecidos, em condi\u00e7\u00f5es de reciprocidade e desde que cumpram determinados requisitos, os certificados de vacina\u00e7\u00e3o e de recupera\u00e7\u00e3o emitidos por pa\u00edses terceiros\u201d.<\/p>\n<p>De acordo com o embaixador, Brasil e Portugal ainda n\u00e3o fecharam um acordo de reciprocidade para reconhecimento m\u00fatuo de seus certificados de vacina\u00e7\u00e3o. \u201cQuanto as negocia\u00e7\u00f5es, que se est\u00e3o a se desenvolver, entre as autoridades de sa\u00fade respectivas chegaram a um bom termo, ent\u00e3o a\u00ed sim ser\u00e1 poss\u00edvel reconhecer os certificados de vacina\u00e7\u00e3o\u201d, disse Ramos.<\/p>\n<p>Mesmo que o certificado passe a ser aceito, o brasileiro que quiser entrar em Portugal sem apresentar teste negativo para covid-19 s\u00f3 poder\u00e1 faz\u00ea-lo se tiver tomado alguma das vacinas autorizadas pela Ag\u00eancia Europeia do Medicamento (EMA). S\u00e3o elas: Janssen, AstraZeneca, Moderna e Pfizer.<\/p>\n<p>Fonte: Ag\u00eancia Brasil<\/p>\n","protected":false},"excerpt":{"rendered":"<p>O embaixador de Portugal no Brasil, Lu\u00eds Faro Ramos, publicou um v\u00eddeo nas redes sociais para esclarecer que o governo portugu\u00eas ainda n\u00e3o aceita o&#8230;<\/p>\n","protected":false},"author":1527,"featured_media":31913,"comment_status":"closed","ping_status":"closed","sticky":false,"template":"","format":"standard","meta":{"footnotes":""},"categories":[6],"tags":[],"class_list":["post-35845","post","type-post","status-publish","format-standard","has-post-thumbnail","hentry","category-noticias"],"_links":{"self":[{"href":"https:\/\/www.sincomam.org.br\/index.php\/wp-json\/wp\/v2\/posts\/35845","targetHints":{"allow":["GET"]}}],"collection":[{"href":"https:\/\/www.sincomam.org.br\/index.php\/wp-json\/wp\/v2\/posts"}],"about":[{"href":"https:\/\/www.sincomam.org.br\/index.php\/wp-json\/wp\/v2\/types\/post"}],"author":[{"embeddable":true,"href":"https:\/\/www.sincomam.org.br\/index.php\/wp-json\/wp\/v2\/users\/1527"}],"replies":[{"embeddable":true,"href":"https:\/\/www.sincomam.org.br\/index.php\/wp-json\/wp\/v2\/comments?post=35845"}],"version-history":[{"count":1,"href":"https:\/\/www.sincomam.org.br\/index.php\/wp-json\/wp\/v2\/posts\/35845\/revisions"}],"predecessor-version":[{"id":35846,"href":"https:\/\/www.sincomam.org.br\/index.php\/wp-json\/wp\/v2\/posts\/35845\/revisions\/35846"}],"wp:featuredmedia":[{"embeddable":true,"href":"https:\/\/www.sincomam.org.br\/index.php\/wp-json\/wp\/v2\/media\/31913"}],"wp:attachment":[{"href":"https:\/\/www.sincomam.org.br\/index.php\/wp-json\/wp\/v2\/media?parent=35845"}],"wp:term":[{"taxonomy":"category","embeddable":true,"href":"https:\/\/www.sincomam.org.br\/index.php\/wp-json\/wp\/v2\/categories?post=35845"},{"taxonomy":"post_tag","embeddable":true,"href":"https:\/\/www.sincomam.org.br\/index.php\/wp-json\/wp\/v2\/tags?post=35845"}],"curies":[{"name":"wp","href":"https:\/\/api.w.org\/{rel}","templated":true}]}}