{"id":35841,"date":"2021-09-21T10:45:10","date_gmt":"2021-09-21T13:45:10","guid":{"rendered":"http:\/\/www.sincomam.org.br\/?p=35841"},"modified":"2021-09-21T10:45:10","modified_gmt":"2021-09-21T13:45:10","slug":"pesquisa-datafolha-para-69-dos-brasileiros-economia-do-pais-piorou-para-39-das-pessoas-entrevistadas-estao-pessimistas-com-a-conducao-da-politica-economica-para-os-proximos-meses","status":"publish","type":"post","link":"https:\/\/www.sincomam.org.br\/index.php\/pesquisa-datafolha-para-69-dos-brasileiros-economia-do-pais-piorou-para-39-das-pessoas-entrevistadas-estao-pessimistas-com-a-conducao-da-politica-economica-para-os-proximos-meses\/","title":{"rendered":"Pesquisa Datafolha: para 69% dos brasileiros, economia do pa\u00eds piorou; para 39% das pessoas entrevistadas est\u00e3o pessimistas com a condu\u00e7\u00e3o da pol\u00edtica econ\u00f4mica para os pr\u00f3ximos meses"},"content":{"rendered":"<p>Quase sete em cada dez brasileiros (69%) dizem acreditar que a situa\u00e7\u00e3o econ\u00f4mica do pa\u00eds piorou nos \u00faltimos seis meses, segundo pesquisa do Instituto Datafolha, publicada pelo jornal Folha de S.Paulo, nesta segunda-feira (20).<\/p>\n<p>Foram ouvidos 3.667 brasileiros de 190 munic\u00edpios em todas as regi\u00f5es do pa\u00eds. A margem de erro \u00e9 de dois pontos percentuais para mais ou para menos. O resultado da pesquisa, realizada entre os dias 13 e 15 deste m\u00eas, est\u00e1 pr\u00f3ximo de levantamentos que avaliaram o mesmo tema em gest\u00f5es presidenciais anteriores.<\/p>\n<p>Durante o governo de Dilma Rousseff (PT), em 2015, o \u00edndice atingiu 82%. Na gest\u00e3o de Michel Temer (MDB), em 2018, o indicador alcan\u00e7ou 72%.<\/p>\n<p>No governo de Jair Bolsonaro (sem partido), a pergunta surgiu nos levantamentos de 2019 \u2014primeiro ano do atual mandato presidencial, com 35% dos brasileiros apontando piora nos indicadores econ\u00f4micos. O mesmo questionamento n\u00e3o foi feito em 2020, in\u00edcio da pandemia de Covid-19, e s\u00f3 reapareceu agora.<\/p>\n<p>Para os apoiadores do governo Bolsonaro, 31% avaliam que a economia apresentou melhora. Outros 36% disseram que houve piora. J\u00e1 para 32%, a situa\u00e7\u00e3o encontra-se est\u00e1vel. Quando a percep\u00e7\u00e3o \u00e9 estratificada por grupos, o cen\u00e1rio tende a ser visto com mais pessimismo entre as mulheres. Para 74% das ouvidas, a economia brasileira est\u00e1 ruim ante 62% dos homens.<\/p>\n<p>Por faixa et\u00e1ria, a percep\u00e7\u00e3o tamb\u00e9m oscila: para pessoas de 16 a 44 anos, 70% dizem que a economia vai mal; cinco pontos percentuais abaixo est\u00e3o os entrevistados acima desta faixa et\u00e1ria. Cat\u00f3licos (71%) est\u00e3o mais pessimistas do que os evang\u00e9licos (62%), mostra outro recorte da pesquisa.<\/p>\n<p>O fator renda tamb\u00e9m influi na percep\u00e7\u00e3o sobre a condu\u00e7\u00e3o dos rumos da pol\u00edtica econ\u00f4mica. Segundo o Datafolha, a avalia\u00e7\u00e3o de que a economia vai mal cai conforme cresce a renda da pessoa entrevistada. Para 70% dos que ganham at\u00e9 dois sal\u00e1rios m\u00ednimos, a economia piorou. J\u00e1 para quem vive com renda acima de dez sal\u00e1rios m\u00ednimos, essa percep\u00e7\u00e3o alcan\u00e7a os 62%.<\/p>\n<p>O resultado \u00e9 inverso quando a escolaridade dos entrevistados \u00e9 analisada. Quem tem diploma universit\u00e1rio est\u00e1 mais pessimista (74%) com a economia brasileira do que a popula\u00e7\u00e3o (64%) com apenas o ensino fundamental completo. Por ocupa\u00e7\u00e3o, os assalariados sem registro (77%) e estudantes (74%) s\u00e3o os mais preocupados.<\/p>\n<p>O Sudeste e o Nordeste s\u00e3o as regi\u00f5es mais pessimistas com a economia, com \u00edndice na casa dos 70%; nas demais, essa avalia\u00e7\u00e3o alcan\u00e7a os 65%.<\/p>\n<p><strong>Como ser\u00e1 o amanh\u00e3<br \/>\n<\/strong>Os pr\u00f3ximos meses n\u00e3o ser\u00e3o animadores, segundo proje\u00e7\u00e3o do Datafolha. Para 39% dos entrevistados, a situa\u00e7\u00e3o da economia vai piorar ainda mais \u2014o indicador \u00e9 quatro pontos percentuais maior em rela\u00e7\u00e3o \u00e0 pesquisa anterior, em julho deste ano, e muito abaixo do recorde de 65% batido em mar\u00e7o deste ano quando a pandemia de Covid-19 estava em seu auge.<\/p>\n<p>Entre os que apontam melhora na economia, o \u00edndice oscilou dentro da margem de erro da pesquisa. Em julho, diz o Datafolha, era de 30%. Em setembro, caiu para 28%. Em mar\u00e7o, havia 11% de otimistas. Os n\u00fameros s\u00e3o bem diferentes do registrado, por exemplo, no in\u00edcio do governo de Bolsonaro: 50%.<\/p>\n<p>Entre os que veem o atual governo de forma pessimista, a proje\u00e7\u00e3o de piora da economia \u00e9 ainda maior, com 54% deles dizendo que a \u00e1rea vai sofrer mais abalos nos pr\u00f3ximos meses. J\u00e1 para os simpatizantes da gest\u00e3o Bolsonaro, que avaliam o governo como bom e \u00f3timo, o percentual est\u00e1 em 13%.<\/p>\n<p>Fonte: InfoMoney<\/p>\n","protected":false},"excerpt":{"rendered":"<p>Quase sete em cada dez brasileiros (69%) dizem acreditar que a situa\u00e7\u00e3o econ\u00f4mica do pa\u00eds piorou nos \u00faltimos seis meses, segundo pesquisa do Instituto Datafolha,&#8230;<\/p>\n","protected":false},"author":1527,"featured_media":18297,"comment_status":"closed","ping_status":"closed","sticky":false,"template":"","format":"standard","meta":{"footnotes":""},"categories":[6],"tags":[],"class_list":["post-35841","post","type-post","status-publish","format-standard","has-post-thumbnail","hentry","category-noticias"],"_links":{"self":[{"href":"https:\/\/www.sincomam.org.br\/index.php\/wp-json\/wp\/v2\/posts\/35841","targetHints":{"allow":["GET"]}}],"collection":[{"href":"https:\/\/www.sincomam.org.br\/index.php\/wp-json\/wp\/v2\/posts"}],"about":[{"href":"https:\/\/www.sincomam.org.br\/index.php\/wp-json\/wp\/v2\/types\/post"}],"author":[{"embeddable":true,"href":"https:\/\/www.sincomam.org.br\/index.php\/wp-json\/wp\/v2\/users\/1527"}],"replies":[{"embeddable":true,"href":"https:\/\/www.sincomam.org.br\/index.php\/wp-json\/wp\/v2\/comments?post=35841"}],"version-history":[{"count":1,"href":"https:\/\/www.sincomam.org.br\/index.php\/wp-json\/wp\/v2\/posts\/35841\/revisions"}],"predecessor-version":[{"id":35842,"href":"https:\/\/www.sincomam.org.br\/index.php\/wp-json\/wp\/v2\/posts\/35841\/revisions\/35842"}],"wp:featuredmedia":[{"embeddable":true,"href":"https:\/\/www.sincomam.org.br\/index.php\/wp-json\/wp\/v2\/media\/18297"}],"wp:attachment":[{"href":"https:\/\/www.sincomam.org.br\/index.php\/wp-json\/wp\/v2\/media?parent=35841"}],"wp:term":[{"taxonomy":"category","embeddable":true,"href":"https:\/\/www.sincomam.org.br\/index.php\/wp-json\/wp\/v2\/categories?post=35841"},{"taxonomy":"post_tag","embeddable":true,"href":"https:\/\/www.sincomam.org.br\/index.php\/wp-json\/wp\/v2\/tags?post=35841"}],"curies":[{"name":"wp","href":"https:\/\/api.w.org\/{rel}","templated":true}]}}