{"id":35839,"date":"2021-09-22T10:34:30","date_gmt":"2021-09-22T13:34:30","guid":{"rendered":"http:\/\/www.sincomam.org.br\/?p=35839"},"modified":"2021-09-23T09:59:39","modified_gmt":"2021-09-23T12:59:39","slug":"presidente-faz-discurso-na-abertura-da-assembleia-geral-das-nacoes-unidas","status":"publish","type":"post","link":"https:\/\/www.sincomam.org.br\/index.php\/presidente-faz-discurso-na-abertura-da-assembleia-geral-das-nacoes-unidas\/","title":{"rendered":"Presidente faz discurso na abertura da Assembleia Geral das Na\u00e7\u00f5es Unidas"},"content":{"rendered":"<p>O presidente Jair Bolsonaro faz, hoje (21), o discurso de abertura da sess\u00e3o de debates da 76\u00aa Assembleia Geral das Na\u00e7\u00f5es Unidas, em Nova York, nos Estados Unidos. Em sua fala, ele aborda os temas do combate \u00e0 pandemia de covid-19 e meio ambiente.<\/p>\n<p>Cabe ao presidente do Brasil fazer o discurso de abertura do evento, seguido do presidente dos Estados Unidos. A tradi\u00e7\u00e3o vem desde os prim\u00f3rdios das Na\u00e7\u00f5es Unidas, quando o diplomata Oswaldo Aranha, ent\u00e3o chefe da delega\u00e7\u00e3o brasileira, presidiu a Assembleia Geral, em 1947.<\/p>\n<p>Para esta ter\u00e7a-feira (21), est\u00e3o previstas mais de 100 interven\u00e7\u00f5es dos chefes de Estado e de governo. O evento come\u00e7ou no \u00faltimo dia 14 e, desde ent\u00e3o, est\u00e3o acontecendo reuni\u00f5es, confer\u00eancias e encontros paralelos. O tema desde ano \u00e9 \u201cConstruindo resili\u00eancia por meio da esperan\u00e7a &#8211; para se recuperar da covid-19, reconstruir de forma sustent\u00e1vel, responder \u00e0s necessidades do planeta, respeitar os direitos das pessoas e revitalizar as Na\u00e7\u00f5es Unidas\u201d.<\/p>\n<p>Em 2020, devido \u00e0 pandemia de covid-19, o evento foi virtual. Neste ano, o modelo adotado \u00e9 o h\u00edbrido, com declara\u00e7\u00f5es presenciais e por v\u00eddeo.<\/p>\n<p>Bolsonaro e a comitiva presidencial viajaram para os Estados Unidos no domingo (19). Ontem (20), ele se reuniu com o primeiro-ministro do Reino Unido, Boris Johnson, e, \u00e0 noite, participou de uma recep\u00e7\u00e3o oferecida pela representa\u00e7\u00e3o permanente do Brasil junto \u00e0s Na\u00e7\u00f5es Unidas.<\/p>\n<p>Antes do discurso desta ter\u00e7a-feira, Bolsonaro teve encontro com o presidente da Pol\u00f4nia, Andrzej Duda, e com o secret\u00e1rio-geral das Na\u00e7\u00f5es Unidas, Ant\u00f3nio Guterres. A previs\u00e3o \u00e9 que o presidente embarque ainda hoje de volta ao Brasil.<\/p>\n<p>Fonte: Ag\u00eancia Brasil<\/p>\n<p>&nbsp;<\/p>\n","protected":false},"excerpt":{"rendered":"<p>O presidente Jair Bolsonaro faz, hoje (21), o discurso de abertura da sess\u00e3o de debates da 76\u00aa Assembleia Geral das Na\u00e7\u00f5es Unidas, em Nova York,&#8230;<\/p>\n","protected":false},"author":1527,"featured_media":30360,"comment_status":"closed","ping_status":"closed","sticky":false,"template":"","format":"standard","meta":{"footnotes":""},"categories":[6],"tags":[],"class_list":["post-35839","post","type-post","status-publish","format-standard","has-post-thumbnail","hentry","category-noticias"],"_links":{"self":[{"href":"https:\/\/www.sincomam.org.br\/index.php\/wp-json\/wp\/v2\/posts\/35839","targetHints":{"allow":["GET"]}}],"collection":[{"href":"https:\/\/www.sincomam.org.br\/index.php\/wp-json\/wp\/v2\/posts"}],"about":[{"href":"https:\/\/www.sincomam.org.br\/index.php\/wp-json\/wp\/v2\/types\/post"}],"author":[{"embeddable":true,"href":"https:\/\/www.sincomam.org.br\/index.php\/wp-json\/wp\/v2\/users\/1527"}],"replies":[{"embeddable":true,"href":"https:\/\/www.sincomam.org.br\/index.php\/wp-json\/wp\/v2\/comments?post=35839"}],"version-history":[{"count":1,"href":"https:\/\/www.sincomam.org.br\/index.php\/wp-json\/wp\/v2\/posts\/35839\/revisions"}],"predecessor-version":[{"id":35840,"href":"https:\/\/www.sincomam.org.br\/index.php\/wp-json\/wp\/v2\/posts\/35839\/revisions\/35840"}],"wp:featuredmedia":[{"embeddable":true,"href":"https:\/\/www.sincomam.org.br\/index.php\/wp-json\/wp\/v2\/media\/30360"}],"wp:attachment":[{"href":"https:\/\/www.sincomam.org.br\/index.php\/wp-json\/wp\/v2\/media?parent=35839"}],"wp:term":[{"taxonomy":"category","embeddable":true,"href":"https:\/\/www.sincomam.org.br\/index.php\/wp-json\/wp\/v2\/categories?post=35839"},{"taxonomy":"post_tag","embeddable":true,"href":"https:\/\/www.sincomam.org.br\/index.php\/wp-json\/wp\/v2\/tags?post=35839"}],"curies":[{"name":"wp","href":"https:\/\/api.w.org\/{rel}","templated":true}]}}