{"id":35835,"date":"2021-09-21T10:28:36","date_gmt":"2021-09-21T13:28:36","guid":{"rendered":"http:\/\/www.sincomam.org.br\/?p=35835"},"modified":"2021-09-21T10:28:36","modified_gmt":"2021-09-21T13:28:36","slug":"em-audiencia-publica-porto-de-paranagua-apresenta-futuro-moegao-no-dia-20-10","status":"publish","type":"post","link":"https:\/\/www.sincomam.org.br\/index.php\/em-audiencia-publica-porto-de-paranagua-apresenta-futuro-moegao-no-dia-20-10\/","title":{"rendered":"Em audi\u00eancia p\u00fablica, Porto de Paranagu\u00e1 apresenta futuro \u201cmoeg\u00e3o\u201d no dia 20\/10"},"content":{"rendered":"<p>A Portos do Paran\u00e1 agendou para o dia 20 de outubro a apresenta\u00e7\u00e3o \u00e0 comunidade do projeto de centraliza\u00e7\u00e3o da descarga ferrovi\u00e1ria em uma moega exclusiva para trens no Corredor de Exporta\u00e7\u00e3o da regi\u00e3o Leste do Porto de Paranagu\u00e1. A audi\u00eancia p\u00fablica do plano, conhecido como \u201cMoeg\u00e3o\u201d, ser\u00e1 online e aberta \u00e0 participa\u00e7\u00e3o da popula\u00e7\u00e3o.<\/p>\n<p>A audi\u00eancia p\u00fablica foi amplamente divulgada com a instala\u00e7\u00e3o de faixas informativas na regi\u00e3o portu\u00e1ria, publica\u00e7\u00e3o de aviso em Di\u00e1rio Oficial do Estado, no \u00faltimo dia 17, e a cria\u00e7\u00e3o de uma p\u00e1gina espec\u00edfica no site oficial da empresa p\u00fablica para que todos possam contribuir.<\/p>\n<p>Como exige a legisla\u00e7\u00e3o, os interessados t\u00eam 30 dias para enviar d\u00favidas e sugest\u00f5es. O canal \u00e9 o e-mail:\u00a0 <a href=\"mailto:audiencia.moegao@appa.pr.gov.br\">audiencia.moegao@appa.pr.gov.br<\/a>. A audi\u00eancia foi marcada para as 14h e pode ser acompanhada na p\u00e1gina da Portos do Paran\u00e1, onde foram disponibilizados v\u00eddeos e outros documentos que detalham o projeto.<\/p>\n<p><strong>PROJETO<\/strong> \u2013 Al\u00e9m do Moeg\u00e3o, o projeto prev\u00ea a reestrutura\u00e7\u00e3o rodoferrovi\u00e1ria dos acessos aos Terminais do Corredor Leste do Porto de Paranagu\u00e1, com o objetivo de otimizar a capacidade de recep\u00e7\u00e3o de cargas em ambos os modais.<\/p>\n<p>\u201cO projeto do Moeg\u00e3o ter\u00e1 capacidade para descarregar, de maneira simult\u00e2nea, 180 vag\u00f5es, em tr\u00eas linhas independentes que v\u00e3o interligar os onze terminais\u201d, diz o diretor de engenharia e manuten\u00e7\u00e3o, Andr\u00e9 Cassanti.<\/p>\n<p>Entre os benef\u00edcios do projeto, al\u00e9m de aumentar a participa\u00e7\u00e3o e dar mais agilidade \u00e0 descarga pelo modal, est\u00e3o a redu\u00e7\u00e3o das interfer\u00eancias e cruzamentos rodoferrovi\u00e1rios (de 16 para cinco pontos); e a redu\u00e7\u00e3o dos custos para a cadeia log\u00edstica.<\/p>\n<p>Fonte: Informativo dos Portos<\/p>\n<p>&nbsp;<\/p>\n","protected":false},"excerpt":{"rendered":"<p>A Portos do Paran\u00e1 agendou para o dia 20 de outubro a apresenta\u00e7\u00e3o \u00e0 comunidade do projeto de centraliza\u00e7\u00e3o da descarga ferrovi\u00e1ria em uma moega&#8230;<\/p>\n","protected":false},"author":1527,"featured_media":32433,"comment_status":"closed","ping_status":"closed","sticky":false,"template":"","format":"standard","meta":{"footnotes":""},"categories":[6],"tags":[],"class_list":["post-35835","post","type-post","status-publish","format-standard","has-post-thumbnail","hentry","category-noticias"],"_links":{"self":[{"href":"https:\/\/www.sincomam.org.br\/index.php\/wp-json\/wp\/v2\/posts\/35835","targetHints":{"allow":["GET"]}}],"collection":[{"href":"https:\/\/www.sincomam.org.br\/index.php\/wp-json\/wp\/v2\/posts"}],"about":[{"href":"https:\/\/www.sincomam.org.br\/index.php\/wp-json\/wp\/v2\/types\/post"}],"author":[{"embeddable":true,"href":"https:\/\/www.sincomam.org.br\/index.php\/wp-json\/wp\/v2\/users\/1527"}],"replies":[{"embeddable":true,"href":"https:\/\/www.sincomam.org.br\/index.php\/wp-json\/wp\/v2\/comments?post=35835"}],"version-history":[{"count":1,"href":"https:\/\/www.sincomam.org.br\/index.php\/wp-json\/wp\/v2\/posts\/35835\/revisions"}],"predecessor-version":[{"id":35836,"href":"https:\/\/www.sincomam.org.br\/index.php\/wp-json\/wp\/v2\/posts\/35835\/revisions\/35836"}],"wp:featuredmedia":[{"embeddable":true,"href":"https:\/\/www.sincomam.org.br\/index.php\/wp-json\/wp\/v2\/media\/32433"}],"wp:attachment":[{"href":"https:\/\/www.sincomam.org.br\/index.php\/wp-json\/wp\/v2\/media?parent=35835"}],"wp:term":[{"taxonomy":"category","embeddable":true,"href":"https:\/\/www.sincomam.org.br\/index.php\/wp-json\/wp\/v2\/categories?post=35835"},{"taxonomy":"post_tag","embeddable":true,"href":"https:\/\/www.sincomam.org.br\/index.php\/wp-json\/wp\/v2\/tags?post=35835"}],"curies":[{"name":"wp","href":"https:\/\/api.w.org\/{rel}","templated":true}]}}