{"id":35833,"date":"2021-09-21T10:25:20","date_gmt":"2021-09-21T13:25:20","guid":{"rendered":"http:\/\/www.sincomam.org.br\/?p=35833"},"modified":"2021-09-21T10:25:20","modified_gmt":"2021-09-21T13:25:20","slug":"centro-integrado-de-seguranca-maritima-promove-adestramento-do-sistema-de-informacoes-sobre-o-trafego-maritimo-para-marinhas-da-area-maritima-do-atlantico-sul","status":"publish","type":"post","link":"https:\/\/www.sincomam.org.br\/index.php\/centro-integrado-de-seguranca-maritima-promove-adestramento-do-sistema-de-informacoes-sobre-o-trafego-maritimo-para-marinhas-da-area-maritima-do-atlantico-sul\/","title":{"rendered":"Centro Integrado de Seguran\u00e7a Mar\u00edtima promove adestramento do Sistema de Informa\u00e7\u00f5es Sobre o Tr\u00e1fego Mar\u00edtimo para Marinhas da \u00c1rea Mar\u00edtima do Atl\u00e2ntico Sul"},"content":{"rendered":"<p>O Centro Integrado de Seguran\u00e7a Mar\u00edtima (Cismar) realizou entre os dias 14 e 16 de setembro, o adestramento do Sistema de Informa\u00e7\u00f5es Sobre o Tr\u00e1fego Mar\u00edtimo (Sistram) para as Marinhas da Argentina, do Paraguai e do Uruguai. Denominado ADE-Sistram-Amas, a capacita\u00e7\u00e3o do Sistram, que \u00e9 o Sistema Nacional para Compila\u00e7\u00e3o do Panorama de Superf\u00edcie de Interesse, ocorre semestralmente, sendo este o segundo conduzido em 2021, exclusivamente para as Marinhas da \u00c1rea Mar\u00edtima do Atl\u00e2ntico Sul (Amas).<\/p>\n<p>O adestramento tem o objetivo de fomentar o compartilhamento das melhores pr\u00e1ticas no monitoramento dos Contatos de Interesse entre Marinhas da Amas, al\u00e9m de ser uma forma de refor\u00e7ar os la\u00e7os de fraternidade e coopera\u00e7\u00e3o j\u00e1 existentes nesse ambiente.<\/p>\n<p>O Sistram est\u00e1 na vers\u00e3o IV e o Centro de An\u00e1lise de Sistemas Navais da Marinha do Brasil est\u00e1 desenvolvendo uma nova vers\u00e3o, a qual possibilitar\u00e1 novas funcionalidades, dentre elas, a visualiza\u00e7\u00e3o de derrota das embarca\u00e7\u00f5es, classifica\u00e7\u00e3o de embarca\u00e7\u00f5es por tipo, cria\u00e7\u00e3o de alarmes por \u00e1reas ou por embarca\u00e7\u00f5es, conversa\u00e7\u00e3o em tempo real pelos operadores via chat, entre outras.<\/p>\n<p>Fonte: Centro de Comunica\u00e7\u00e3o Social da Marinha<\/p>\n","protected":false},"excerpt":{"rendered":"<p>O Centro Integrado de Seguran\u00e7a Mar\u00edtima (Cismar) realizou entre os dias 14 e 16 de setembro, o adestramento do Sistema de Informa\u00e7\u00f5es Sobre o Tr\u00e1fego&#8230;<\/p>\n","protected":false},"author":1527,"featured_media":32603,"comment_status":"closed","ping_status":"closed","sticky":false,"template":"","format":"standard","meta":{"footnotes":""},"categories":[6],"tags":[],"class_list":["post-35833","post","type-post","status-publish","format-standard","has-post-thumbnail","hentry","category-noticias"],"_links":{"self":[{"href":"https:\/\/www.sincomam.org.br\/index.php\/wp-json\/wp\/v2\/posts\/35833","targetHints":{"allow":["GET"]}}],"collection":[{"href":"https:\/\/www.sincomam.org.br\/index.php\/wp-json\/wp\/v2\/posts"}],"about":[{"href":"https:\/\/www.sincomam.org.br\/index.php\/wp-json\/wp\/v2\/types\/post"}],"author":[{"embeddable":true,"href":"https:\/\/www.sincomam.org.br\/index.php\/wp-json\/wp\/v2\/users\/1527"}],"replies":[{"embeddable":true,"href":"https:\/\/www.sincomam.org.br\/index.php\/wp-json\/wp\/v2\/comments?post=35833"}],"version-history":[{"count":1,"href":"https:\/\/www.sincomam.org.br\/index.php\/wp-json\/wp\/v2\/posts\/35833\/revisions"}],"predecessor-version":[{"id":35834,"href":"https:\/\/www.sincomam.org.br\/index.php\/wp-json\/wp\/v2\/posts\/35833\/revisions\/35834"}],"wp:featuredmedia":[{"embeddable":true,"href":"https:\/\/www.sincomam.org.br\/index.php\/wp-json\/wp\/v2\/media\/32603"}],"wp:attachment":[{"href":"https:\/\/www.sincomam.org.br\/index.php\/wp-json\/wp\/v2\/media?parent=35833"}],"wp:term":[{"taxonomy":"category","embeddable":true,"href":"https:\/\/www.sincomam.org.br\/index.php\/wp-json\/wp\/v2\/categories?post=35833"},{"taxonomy":"post_tag","embeddable":true,"href":"https:\/\/www.sincomam.org.br\/index.php\/wp-json\/wp\/v2\/tags?post=35833"}],"curies":[{"name":"wp","href":"https:\/\/api.w.org\/{rel}","templated":true}]}}