{"id":35831,"date":"2021-09-21T10:16:17","date_gmt":"2021-09-21T13:16:17","guid":{"rendered":"http:\/\/www.sincomam.org.br\/?p=35831"},"modified":"2021-09-21T10:16:17","modified_gmt":"2021-09-21T13:16:17","slug":"aneel-realiza-workshop-para-discutir-atuacao-participativa-na-elaboracao-de-inventarios-hidreletricos","status":"publish","type":"post","link":"https:\/\/www.sincomam.org.br\/index.php\/aneel-realiza-workshop-para-discutir-atuacao-participativa-na-elaboracao-de-inventarios-hidreletricos\/","title":{"rendered":"Aneel realiza workshop para discutir atua\u00e7\u00e3o participativa na elabora\u00e7\u00e3o de Invent\u00e1rios Hidrel\u00e9tricos"},"content":{"rendered":"<p>A Ag\u00eancia Nacional de Energia El\u00e9trica (Aneel) promover\u00e1, nos dias 23 e 24 de setembro de 2021, a partir das 14h, o II Workshop Invent\u00e1rios Hidrel\u00e9tricos Participativos. O evento h\u00edbrido, com participa\u00e7\u00f5es remotas e presenciais, ter\u00e1 transmiss\u00e3o ao vivo pelo canal da Aneel no YouTube.<\/p>\n<p>Com o objetivo de criar um ambiente de di\u00e1logo entre os representantes dos diferentes segmentos envolvidos nos processos de implanta\u00e7\u00e3o de empreendimentos hidrel\u00e9tricos no pa\u00eds, a segunda edi\u00e7\u00e3o do workshop ter\u00e1 a presen\u00e7a do Ministro de Estado de Minas e Energia, Bento Albuquerque, dos Governadores de Estado do Paran\u00e1, Carlos Massa Ratinho Junior e do Mato Grosso do Sul, Reinaldo Azambuja, de forma virtual, da Diretora-Presidente da Ag\u00eancia Nacional de \u00c1guas (Ana), Christiane Dias Ferreira, al\u00e9m da Presidente da Funda\u00e7\u00e3o Nacional do \u00cdndio (Funai), Marcelo Xavier, do Presidente da Empresa de Pesquisa Energ\u00e9tica (EPE), Thiago Barral.<\/p>\n<p>Esse segundo evento dar\u00e1 continuidade \u00e0s discuss\u00f5es iniciadas em 2018, \u00e9poca da realiza\u00e7\u00e3o da primeira edi\u00e7\u00e3o, com o objetivo de avan\u00e7ar na intera\u00e7\u00e3o com outras organiza\u00e7\u00f5es na etapa de desenvolvimento dos invent\u00e1rios. O workshop vai discutir os avan\u00e7os obtidos e definir os pr\u00f3ximos passos para a promo\u00e7\u00e3o da ativa participa\u00e7\u00e3o de interessados, representantes de institui\u00e7\u00f5es relacionadas ao meio ambiente, comunidades tradicionais e ind\u00edgenas, empreendedores, institui\u00e7\u00f5es governamentais, Minist\u00e9rio P\u00fablico e do Judici\u00e1rio no processo.<\/p>\n<p>Perguntas e coment\u00e1rios poder\u00e3o ser encaminhados \u2013 ao longo do evento, por meio do WhatsApp \u2013 para a Assessoria de Cerimonial e Rela\u00e7\u00f5es Institucionais da Aneel, no n\u00famero (61) 99115-2757.<\/p>\n<p>Fonte: Aneel<\/p>\n","protected":false},"excerpt":{"rendered":"<p>A Ag\u00eancia Nacional de Energia El\u00e9trica (Aneel) promover\u00e1, nos dias 23 e 24 de setembro de 2021, a partir das 14h, o II Workshop Invent\u00e1rios&#8230;<\/p>\n","protected":false},"author":1527,"featured_media":32749,"comment_status":"closed","ping_status":"closed","sticky":false,"template":"","format":"standard","meta":{"footnotes":""},"categories":[6],"tags":[],"class_list":["post-35831","post","type-post","status-publish","format-standard","has-post-thumbnail","hentry","category-noticias"],"_links":{"self":[{"href":"https:\/\/www.sincomam.org.br\/index.php\/wp-json\/wp\/v2\/posts\/35831","targetHints":{"allow":["GET"]}}],"collection":[{"href":"https:\/\/www.sincomam.org.br\/index.php\/wp-json\/wp\/v2\/posts"}],"about":[{"href":"https:\/\/www.sincomam.org.br\/index.php\/wp-json\/wp\/v2\/types\/post"}],"author":[{"embeddable":true,"href":"https:\/\/www.sincomam.org.br\/index.php\/wp-json\/wp\/v2\/users\/1527"}],"replies":[{"embeddable":true,"href":"https:\/\/www.sincomam.org.br\/index.php\/wp-json\/wp\/v2\/comments?post=35831"}],"version-history":[{"count":1,"href":"https:\/\/www.sincomam.org.br\/index.php\/wp-json\/wp\/v2\/posts\/35831\/revisions"}],"predecessor-version":[{"id":35832,"href":"https:\/\/www.sincomam.org.br\/index.php\/wp-json\/wp\/v2\/posts\/35831\/revisions\/35832"}],"wp:featuredmedia":[{"embeddable":true,"href":"https:\/\/www.sincomam.org.br\/index.php\/wp-json\/wp\/v2\/media\/32749"}],"wp:attachment":[{"href":"https:\/\/www.sincomam.org.br\/index.php\/wp-json\/wp\/v2\/media?parent=35831"}],"wp:term":[{"taxonomy":"category","embeddable":true,"href":"https:\/\/www.sincomam.org.br\/index.php\/wp-json\/wp\/v2\/categories?post=35831"},{"taxonomy":"post_tag","embeddable":true,"href":"https:\/\/www.sincomam.org.br\/index.php\/wp-json\/wp\/v2\/tags?post=35831"}],"curies":[{"name":"wp","href":"https:\/\/api.w.org\/{rel}","templated":true}]}}