{"id":35816,"date":"2021-09-20T11:00:33","date_gmt":"2021-09-20T14:00:33","guid":{"rendered":"http:\/\/www.sincomam.org.br\/?p=35816"},"modified":"2021-09-20T11:00:33","modified_gmt":"2021-09-20T14:00:33","slug":"antaq-institui-grupo-tecnico-para-acompanhar-assuntos-relacionados-a-organizacao-maritima-internacional-imo","status":"publish","type":"post","link":"https:\/\/www.sincomam.org.br\/index.php\/antaq-institui-grupo-tecnico-para-acompanhar-assuntos-relacionados-a-organizacao-maritima-internacional-imo\/","title":{"rendered":"Antaq institui Grupo T\u00e9cnico para acompanhar assuntos relacionados \u00e0 Organiza\u00e7\u00e3o Mar\u00edtima Internacional (IMO)"},"content":{"rendered":"<p>A Ag\u00eancia Nacional de Transportes Aquavi\u00e1rios (Antaq) instituiu Grupo T\u00e9cnico (GT) para acompanhar discuss\u00f5es no \u00e2mbito da Organiza\u00e7\u00e3o Mar\u00edtima Internacional (IMO) e auxiliar a Ag\u00eancia nas decis\u00f5es e posicionamentos institucionais com rela\u00e7\u00e3o aos assuntos tratados por aquela organiza\u00e7\u00e3o. Trata-se, na verdade, de uma atualiza\u00e7\u00e3o da composi\u00e7\u00e3o do GT. A Portaria com a nova composi\u00e7\u00e3o foi publicada na quinta-feira (16\/09) na Se\u00e7\u00e3o 2 do Di\u00e1rio Oficial da Uni\u00e3o.<\/p>\n<p>A IMO \u00e9 uma ag\u00eancia da estrutura da ONU que visa a fornecer mecanismos de coopera\u00e7\u00e3o entre governos e estabelecer padr\u00f5es internacionais de seguran\u00e7a mar\u00edtima e efici\u00eancia da navega\u00e7\u00e3o, bem como padr\u00f5es de preven\u00e7\u00e3o e controle da polui\u00e7\u00e3o mar\u00edtima causada por navios.<\/p>\n<p>Cabe \u00e0 Marinha do Brasil representar o pa\u00eds no organismo, e \u00e0 Antaq participar ativamente apoiando a Marinha brasileira em comit\u00eas t\u00e9cnicos, como o Comit\u00ea de Seguran\u00e7a Mar\u00edtima (MSC); Comit\u00ea de Facilita\u00e7\u00e3o (FAL); Comit\u00ea de Coopera\u00e7\u00e3o T\u00e9cnica (TC); e Comit\u00ea de Prote\u00e7\u00e3o ao Meio Ambiente Marinho (MEPC).<\/p>\n<p>O GT poder\u00e1 ainda atuar em assuntos de outros comit\u00eas e subcomit\u00eas da IMO, bem como prestar apoio t\u00e9cnico aos membros representantes da Antaq nos assuntos da Comiss\u00e3o Coordenadora dos Assuntos da Organiza\u00e7\u00e3o Mar\u00edtima Internacional (CCA-IMO) e da Representa\u00e7\u00e3o Permanente Brasileira em Londres (RPB-IMO).<\/p>\n<p><strong>Composi\u00e7\u00e3o<br \/>\n<\/strong>O GT passa a ser composto pelos seguintes membros titulares e suplentes:<br \/>\n&#8211; Aretta de Andrade Gomes (titular), lotada na Coordenadoria de Rela\u00e7\u00f5es Internacionais (CRI), e Alexandre Dalfior de Figueiredo\u00a0 (suplente), lotado na Assessoria de Rela\u00e7\u00f5es Institucionais (ARI), respons\u00e1veis pela coordena\u00e7\u00e3o dos trabalhos e pelo acompanhamento, relacionamento e assessoramento institucional relativos aos assuntos da IMO;<br \/>\n&#8211; S\u00e9rgio Oliveira (titular) e Pedro Fonseca (suplente), ambos lotados na Ger\u00eancia de Regula\u00e7\u00e3o da Navega\u00e7\u00e3o Mar\u00edtima (GRM), respons\u00e1veis pelos assuntos relacionados com o Comit\u00ea de Seguran\u00e7a Mar\u00edtima (MSC);<br \/>\n&#8211; L\u00edvia Lara (titular), lotada na Assessoria T\u00e9cnica (DR), e Dimas Soares (suplente), lotado na Ger\u00eancia de Regula\u00e7\u00e3o Portu\u00e1ria (GRP), respons\u00e1veis pelos assuntos relacionados com o Comit\u00ea de Facilita\u00e7\u00e3o (FAL);<br \/>\n&#8211; Ana Higa (titular) e Arthur Felip Il Pak (suplente), ambos lotados na Ger\u00eancia de Desenvolvimento e Estudos (GDE), respons\u00e1veis pelos assuntos relacionados com o Comit\u00ea de Coopera\u00e7\u00e3o T\u00e9cnica (TC);<br \/>\n&#8211; Alessandro Bearzi (titular) e Maria Luiza Gusm\u00e3o (suplente), ambos lotados na Ger\u00eancia de Meio Ambiente e Sustentabilidade (GMS), respons\u00e1veis pelos assuntos relacionados com o Comit\u00ea de Prote\u00e7\u00e3o ao Meio Ambiente Marinho (MEPC); e<br \/>\n&#8211; Jonas Santos Filho (titular) e Marcel Oliveira (suplente), ambos lotados na Unidade Regional do Rio de Janeiro (URERJ), respons\u00e1veis pela representa\u00e7\u00e3o local e participa\u00e7\u00e3o nos assuntos tratados pela Secretaria Executiva da Comiss\u00e3o Coordenadora dos Assuntos da IMO (Secimo), no Rio de Janeiro\/RJ.<\/p>\n<p>Fonte: Antaq<\/p>\n","protected":false},"excerpt":{"rendered":"<p>A Ag\u00eancia Nacional de Transportes Aquavi\u00e1rios (Antaq) instituiu Grupo T\u00e9cnico (GT) para acompanhar discuss\u00f5es no \u00e2mbito da Organiza\u00e7\u00e3o Mar\u00edtima Internacional (IMO) e auxiliar a Ag\u00eancia&#8230;<\/p>\n","protected":false},"author":1527,"featured_media":35098,"comment_status":"closed","ping_status":"closed","sticky":false,"template":"","format":"standard","meta":{"footnotes":""},"categories":[6],"tags":[],"class_list":["post-35816","post","type-post","status-publish","format-standard","has-post-thumbnail","hentry","category-noticias"],"_links":{"self":[{"href":"https:\/\/www.sincomam.org.br\/index.php\/wp-json\/wp\/v2\/posts\/35816","targetHints":{"allow":["GET"]}}],"collection":[{"href":"https:\/\/www.sincomam.org.br\/index.php\/wp-json\/wp\/v2\/posts"}],"about":[{"href":"https:\/\/www.sincomam.org.br\/index.php\/wp-json\/wp\/v2\/types\/post"}],"author":[{"embeddable":true,"href":"https:\/\/www.sincomam.org.br\/index.php\/wp-json\/wp\/v2\/users\/1527"}],"replies":[{"embeddable":true,"href":"https:\/\/www.sincomam.org.br\/index.php\/wp-json\/wp\/v2\/comments?post=35816"}],"version-history":[{"count":1,"href":"https:\/\/www.sincomam.org.br\/index.php\/wp-json\/wp\/v2\/posts\/35816\/revisions"}],"predecessor-version":[{"id":35817,"href":"https:\/\/www.sincomam.org.br\/index.php\/wp-json\/wp\/v2\/posts\/35816\/revisions\/35817"}],"wp:featuredmedia":[{"embeddable":true,"href":"https:\/\/www.sincomam.org.br\/index.php\/wp-json\/wp\/v2\/media\/35098"}],"wp:attachment":[{"href":"https:\/\/www.sincomam.org.br\/index.php\/wp-json\/wp\/v2\/media?parent=35816"}],"wp:term":[{"taxonomy":"category","embeddable":true,"href":"https:\/\/www.sincomam.org.br\/index.php\/wp-json\/wp\/v2\/categories?post=35816"},{"taxonomy":"post_tag","embeddable":true,"href":"https:\/\/www.sincomam.org.br\/index.php\/wp-json\/wp\/v2\/tags?post=35816"}],"curies":[{"name":"wp","href":"https:\/\/api.w.org\/{rel}","templated":true}]}}