{"id":35810,"date":"2021-09-20T10:55:31","date_gmt":"2021-09-20T13:55:31","guid":{"rendered":"http:\/\/www.sincomam.org.br\/?p=35810"},"modified":"2021-09-20T10:56:20","modified_gmt":"2021-09-20T13:56:20","slug":"central-dos-sindicatos-brasileiros-csb-encerra-iii-congresso-com-unidade-na-defesa-do-sindicalismo-trabalhadores-e-pelo-impeachment-de-bolsonaro","status":"publish","type":"post","link":"https:\/\/www.sincomam.org.br\/index.php\/central-dos-sindicatos-brasileiros-csb-encerra-iii-congresso-com-unidade-na-defesa-do-sindicalismo-trabalhadores-e-pelo-impeachment-de-bolsonaro\/","title":{"rendered":"Central dos Sindicatos Brasileiros (CSB) encerra III Congresso com unidade na defesa do sindicalismo, trabalhadores e pelo impeachment de Bolsonaro"},"content":{"rendered":"<p>Ap\u00f3s tr\u00eas dias de congresso, realizados entre os dias 16 e 18 de setembro, a Central dos Sindicatos Brasileiros (CBS) chega ao fim do seu III Congresso com uma unidade dos mais de mil sindicatos membros, entre eles o Sincomam, em torno dos in\u00fameros desafios e retrocessos que acometem a classe trabalhadora brasileira, bem como toda a teia que d\u00e1 sustenta\u00e7\u00e3o \u00e0 nossa na\u00e7\u00e3o. Entre eles, se destacou o desmonte da legisla\u00e7\u00e3o trabalhista e a destrui\u00e7\u00e3o de nossa base industrial e educacional. Por\u00e9m, a central v\u00ea como miss\u00e3o prim\u00e1ria para se pensar em \u201cvoltar \u00e0 normalidade\u201d a vit\u00f3ria sobre aqueles que ocupam o poder executivo no Pal\u00e1cio do Planalto.<\/p>\n<p>\u201cQualquer sonho de um Brasil pr\u00f3spero, justo e digno para com todos seus cidad\u00e3os passa essencialmente pela destitui\u00e7\u00e3o do presidente da Rep\u00fablica atrav\u00e9s da abertura de um dos mais de 130 pedidos de impeachment parados na gaveta do presidente da C\u00e2mara dos Deputados, Arthur Lira, e de sua aprova\u00e7\u00e3o pelo Congresso Nacional.\u201d afirmou o presidente da CSB, Antonio Neto.<\/p>\n<p>Diante de um dos momentos mais desafiadores para as \u00faltimas gera\u00e7\u00f5es de brasileiros, a CSB optou por realizar, de forma in\u00e9dita no meio sindical, seu congresso de forma 100% virtual. Uma experi\u00eancia que acabou por aproximar do di\u00e1logo, de forma surpreendente, sindicalistas de todo o pa\u00eds e que representam os mais diversos setores da classe trabalhadora brasileira.<\/p>\n<p>Foram tr\u00eas dias de debates intensos, apresenta\u00e7\u00e3o e aprova\u00e7\u00e3o de mo\u00e7\u00f5es e a recondu\u00e7\u00e3o do presidente da CSB, Antonio Neto, para mais um mandato de 5 anos. Neto encabe\u00e7ou a chapa \u2018Trabalhadores Unidos por um Projeto Nacional de Desenvolvimento\u2019 e assumiu junto da nova executiva nacional da central.<\/p>\n<p><strong>1\u00ba dia com participa\u00e7\u00e3o de pol\u00edticos e entidades da sociedade civil, congresso pede uni\u00e3o em defesa da democracia<br \/>\n<\/strong>Pol\u00edticos, lideran\u00e7as partid\u00e1rias e ativistas de movimentos sociais defenderam a uni\u00e3o em defesa da democracia e o respeito ao di\u00e1logo durante a abertura do 3\u00ba Congresso da CSB (Central dos Sindicatos Brasileiros), na 5\u00aa feira (16).<\/p>\n<p>Foram intercaladas falas de nomes da esquerda, como Guilherme Boulos (Psol) e Fl\u00e1vio Dino (PSB), e representantes do campo liberal, como o deputado Kim Kataguiri (DEM-SP).<\/p>\n<p>Com o tema \u201cSindicatos fortes, Brasil mais justo\u201d, o evento virtual contou com a media\u00e7\u00e3o do presidente da central, Antonio Neto (PDT). As manifesta\u00e7\u00f5es dos convidados, em v\u00eddeo, foram gravadas previamente e transmitidas durante o encontro. Cr\u00edticas ao presidente Jair Bolsonaro e seu governo foram quase un\u00e2nimes nas falas.<\/p>\n<p>\u201cQuem nos conhece sabe qual \u00e9 a nossa linha no movimento sindical: fortalecer o di\u00e1logo e a racionalidade mesmo na disputa entre as partes para demonstrar o verdadeiro valor do trabalho. Para n\u00f3s \u00e9 imprescind\u00edvel mostrar que \u00e9 poss\u00edvel e necess\u00e1rio o di\u00e1logo para al\u00e9m das ideologias, por mais contradit\u00f3rios que sejam os interesses nas negocia\u00e7\u00f5es. \u00c9 praticando e incentivando o di\u00e1logo que realizamos democracia.\u201d afirmou o presidente da CSB, Antonio Neto.<\/p>\n<p>Presidentes de outras centrais sindicais, como S\u00e9rgio Nobre, da Central \u00danica dos Trabalhadores (CUT), tamb\u00e9m participaram.<\/p>\n<p>O 1\u00ba a falar foi Ciro Gomes (PDT), aliado e companheiro de partido de Neto. O pr\u00e9-candidato \u00e0 Presid\u00eancia da Rep\u00fablica disse que o pa\u00eds passa pelo \u201cmais grave e profundo buraco na hist\u00f3ria republicana brasileira\u201d. Afirmou que a polariza\u00e7\u00e3o entre Bolsonaro e o ex-presidente Luiz In\u00e1cio Lula da Silva \u00e9 \u201csuperficial e despolitizada\u201d.<\/p>\n<p>Ciro defendeu seu projeto nacional de desenvolvimento, proposta apresentada em suas campanhas anteriores ao Pal\u00e1cio do Planalto. Enfatizou que \u00e9 preciso estudar um novo modelo econ\u00f4mico e um novo modelo de governan\u00e7a pol\u00edtica. \u201cE para isso precisamos da atua\u00e7\u00e3o de uma classe trabalhadora informada e militante\u201d.<\/p>\n<p>Outros nomes que j\u00e1 foram cogitados para disputa eleitoral \u00e0 presid\u00eancia tamb\u00e9m defenderam um projeto para o pa\u00eds que retome a cria\u00e7\u00e3o de empregos e combata a pobreza.<\/p>\n<p>O l\u00edder do Movimento dos Trabalhadores Sem Teto (MTST) e nome do Psol nas elei\u00e7\u00f5es presidenciais de 2018, Guilherme Boulos, ressaltou que as conquistas sociais e de direitos dos trabalhadores est\u00e3o sob forte amea\u00e7a pelo \u201cgolpismo de Bolsonaro\u201d. Tamb\u00e9m atacou as reformas da Previd\u00eancia, Trabalhista, e as privatiza\u00e7\u00f5es de empresas estrat\u00e9gicas para o Estado. \u201cMais do que nunca a gente precisa estar junto, construir uma unidade da classe trabalhadora, dos setores progressistas, dos setores democr\u00e1ticos, para resistir a essa ofensiva do atraso\u201d, declarou.<\/p>\n<p>O governador do Maranh\u00e3o, Fl\u00e1vio Dino (PSB), afirmou que \u00e9 preciso fortalecer a organiza\u00e7\u00e3o dos trabalhadores. \u201cO sindicalismo foi muito atacado nos \u00faltimos anos, porque aqueles que vivem da concentra\u00e7\u00e3o de renda e de riqueza na m\u00e3o de poucos n\u00e3o querem uma classe trabalhadora consciente, mobilizada e apta a se defender de tantos ataques e, ao mesmo tempo, propor caminhos novos para o Brasil\u201d.<\/p>\n<p>Defendeu a ado\u00e7\u00e3o de um regime legal justo, que preserve a dignidade e o poder de compra dos trabalhadores para movimentar a economia. \u201cO projeto de desenvolvimento ser\u00e1 necessariamente redistributivo, mediante uma reforma tribut\u00e1ria, mas n\u00e3o s\u00f3. Mediante tamb\u00e9m o respeito aos direitos trabalhistas, previdenci\u00e1rios, sindicais, aos direitos sociais\u201d.<\/p>\n<p><strong>2\u00ba dia prop\u00f5e debates em torno dos ataques sofridos pelos trabalhadores nos \u00faltimos anos<br \/>\n<\/strong>O segundo dia de Congresso seguiu a linha dos semin\u00e1rios preparat\u00f3rios ao III Congresso, propondo debates em torno dos ataques sofridos pela classe trabalhadora nos \u00faltimos anos. Com apresenta\u00e7\u00f5es de Nelson Marconi, Fl\u00e1vio Werneck, Roberto Baungartner e Jos\u00e9 Silvestre foram abordados alguns dos principais ataques e desmontes de leis trabalhistas realizados contra a classe trabalhadora nos \u00faltimos anos. Entre os temas debatidos estiveram as taxas de desemprego como projeto neoliberal, os avan\u00e7os sobre o funcionalismo p\u00fablico com a PEC 32 e as tentativas de desmantelamento do Programa de Alimenta\u00e7\u00e3o do Trabalhador (PAT).<\/p>\n<p>Na sequ\u00eancia, o jornalista Vinicius Costa, realizou uma oficina sobre a \u2018comunica\u00e7\u00e3o de sindicatos na era digital\u2019, apresentando ferramentas e estrat\u00e9gias para que os mais de mil sindicatos representados pela CSB possam avan\u00e7ar para um contato mais pr\u00f3ximo e moderno junto de seus representados.<\/p>\n<p>Finalizando o segundo dia, o Brasil foi colocado em debate com media\u00e7\u00e3o de Antonio Neto, o vice-presidente da C\u00e2mara dos Deputados, Marcelo Ramos (PL-AM), ao lado do presidenci\u00e1vel pelo PDT, Ciro Gomes, discutindo os caminhos para uma agenda nacional que priorize a classe trabalhadora, a atua\u00e7\u00e3o firme dos sindicatos e crie condi\u00e7\u00f5es para a retomada do rumo no nosso pa\u00eds, com sindicatos fortes, trabalhadores valorizados e uma economia pujante.<\/p>\n<p>\u201cTemos discutido junto com todas as Centrais Sindicais, a necessidade de um debate sobre mecanismos de financiamento. Criamos um modelo absolutamente desequilibrado \u00e0 medida que tiramos a capacidade de financiamento dos sindicatos de trabalhadores e mantivemos os sindicatos patronais, acima de tudo com recursos do Sistema S\u2026E eu gosto muito da ideia de que algumas turmas do TST j\u00e1 t\u00eam consolidado conven\u00e7\u00f5es nesse sentido, que se estabele\u00e7a que os benef\u00edcios n\u00e3o salariais decorrentes da conven\u00e7\u00e3o coletiva s\u00f3 ser\u00e3o usufru\u00eddos pelos trabalhadores sindicalizados ou que pagarem uma contribui\u00e7\u00e3o sindical. Porque o trabalhador tem todo o direito de n\u00e3o querer sindicato, mas ele n\u00e3o pode esculhambar o sindicato e depois receber os benef\u00edcios conquistados.\u201d afirmou o parlamentar Marcelo Ramos, que \u00e9 autor da PEC da Reforma Sindical na C\u00e2mara.<\/p>\n<p>J\u00e1 o ex-ministro Ciro Gomes centrou sua fala em um sentido de esperan\u00e7a na retomada de interesse, pela popula\u00e7\u00e3o, sobre a pol\u00edtica como \u00fanico caminho para reverter a carestia que vem assolando o povo. \u201cTalvez essa amargura generalizada esteja dando ao povo brasileiro uma atitude de voltar a valorizar a pol\u00edtica\u2026quando voc\u00ea desce para a realidade do povo, as contas que ele paga diariamente\u2026.a renda est\u00e1 em depress\u00e3o e o custo de vida subindo faz com que o povo volte a pensar na pol\u00edtica, infelizmente, ainda n\u00e3o inventaram um algoritmo que resolva esses problemas sozinhos. O pre\u00e7o da soja n\u00e3o subiu por coisa fatalista, \u00e9 governo.\u201d afirmou o presidenci\u00e1vel pelo PDT, Ciro Gomes.<\/p>\n<p><strong>3\u00ba dia de aprova\u00e7\u00e3o de mo\u00e7\u00f5es e posses da nova presid\u00eancia e executiva nacional<br \/>\n<\/strong>No \u00faltimo dia do evento, realizado neste s\u00e1bado (18), os participantes realizaram uma avalia\u00e7\u00e3o de todas as atividades desenvolvidas ao longo do congresso, al\u00e9m da aprova\u00e7\u00e3o de diversas mo\u00e7\u00f5es apresentadas pelos sindicatos e a posse da chapa \u2018Trabalhadores Unidos por um Projeto Nacional de Desenvolvimento\u2019 encabe\u00e7ada pelo presidente reeleito da central, Antonio Neto.<\/p>\n<p>Junto da elei\u00e7\u00e3o de Antonio Neto, foram aprovadas a mudan\u00e7a estatut\u00e1ria proposta pelo congresso, a presta\u00e7\u00e3o de contas e formada a nova dire\u00e7\u00e3o nacional da CSB. veja abaixo os n\u00fameros da vota\u00e7\u00e3o:<br \/>\n\u2013 Voc\u00ea apoia a Chapa \u201cTrabalhadores Unidos Por um Projeto Nacional de Desenvolvimento\u201d, presidida por Antonio Fernandes dos Santos Neto? Aprovada por 99,3% dos votantes.<br \/>\n\u2013 Voc\u00ea aprova as propostas de altera\u00e7\u00e3o estatut\u00e1rias apresentadas e debatidas no III Congresso Nacional da CSB? Aprovada por 96,9% dos votantes.<br \/>\n\u2013 Voc\u00ea aprova a presta\u00e7\u00e3o de Contas da Gest\u00e3o de 26 de fevereiro de 2016 a 31 de julho de 2021? Aprovada por 95,8% dos votantes.<\/p>\n<p>Fonte: CSB Not\u00edcias<\/p>\n","protected":false},"excerpt":{"rendered":"<p>Ap\u00f3s tr\u00eas dias de congresso, realizados entre os dias 16 e 18 de setembro, a Central dos Sindicatos Brasileiros (CBS) chega ao fim do seu&#8230;<\/p>\n","protected":false},"author":1527,"featured_media":29560,"comment_status":"closed","ping_status":"closed","sticky":false,"template":"","format":"standard","meta":{"footnotes":""},"categories":[6],"tags":[],"class_list":["post-35810","post","type-post","status-publish","format-standard","has-post-thumbnail","hentry","category-noticias"],"_links":{"self":[{"href":"https:\/\/www.sincomam.org.br\/index.php\/wp-json\/wp\/v2\/posts\/35810","targetHints":{"allow":["GET"]}}],"collection":[{"href":"https:\/\/www.sincomam.org.br\/index.php\/wp-json\/wp\/v2\/posts"}],"about":[{"href":"https:\/\/www.sincomam.org.br\/index.php\/wp-json\/wp\/v2\/types\/post"}],"author":[{"embeddable":true,"href":"https:\/\/www.sincomam.org.br\/index.php\/wp-json\/wp\/v2\/users\/1527"}],"replies":[{"embeddable":true,"href":"https:\/\/www.sincomam.org.br\/index.php\/wp-json\/wp\/v2\/comments?post=35810"}],"version-history":[{"count":2,"href":"https:\/\/www.sincomam.org.br\/index.php\/wp-json\/wp\/v2\/posts\/35810\/revisions"}],"predecessor-version":[{"id":35815,"href":"https:\/\/www.sincomam.org.br\/index.php\/wp-json\/wp\/v2\/posts\/35810\/revisions\/35815"}],"wp:featuredmedia":[{"embeddable":true,"href":"https:\/\/www.sincomam.org.br\/index.php\/wp-json\/wp\/v2\/media\/29560"}],"wp:attachment":[{"href":"https:\/\/www.sincomam.org.br\/index.php\/wp-json\/wp\/v2\/media?parent=35810"}],"wp:term":[{"taxonomy":"category","embeddable":true,"href":"https:\/\/www.sincomam.org.br\/index.php\/wp-json\/wp\/v2\/categories?post=35810"},{"taxonomy":"post_tag","embeddable":true,"href":"https:\/\/www.sincomam.org.br\/index.php\/wp-json\/wp\/v2\/tags?post=35810"}],"curies":[{"name":"wp","href":"https:\/\/api.w.org\/{rel}","templated":true}]}}