{"id":35798,"date":"2021-09-17T10:57:14","date_gmt":"2021-09-17T13:57:14","guid":{"rendered":"http:\/\/www.sincomam.org.br\/?p=35798"},"modified":"2021-09-17T10:57:15","modified_gmt":"2021-09-17T13:57:15","slug":"china-solicita-formalmente-adesao-a-parceria-transpacifico","status":"publish","type":"post","link":"https:\/\/www.sincomam.org.br\/index.php\/china-solicita-formalmente-adesao-a-parceria-transpacifico\/","title":{"rendered":"China solicita formalmente ades\u00e3o \u00e0 Parceria Transpac\u00edfico"},"content":{"rendered":"<p>A China solicitou formalmente nesta quinta-feira (16) a ades\u00e3o ao Acordo Abrangente e Progressivo para a Parceria Transpac\u00edfica (CPTPP, na sigla em ingl\u00eas), pacto comercial que re\u00fane Jap\u00e3o, Austr\u00e1lia, Mal\u00e1sia e outras importantes economias da regi\u00e3o.<\/p>\n<p>O an\u00fancio foi feito pelo Minist\u00e9rio de Com\u00e9rcio da China. Segundo o \u00f3rg\u00e3o, o titular da Pasta, Wang Wentao, apresentou o pedido ao seu hom\u00f3logo da Nova Zel\u00e2ndia, Damien O\u2019Connor, e discutiu os pr\u00f3ximos passos por telefone.<\/p>\n<p>Em um discurso na c\u00fapula de Coopera\u00e7\u00e3o Econ\u00f4mica \u00c1sia-Pac\u00edfico (Apec) em novembro de 2020, o presidente da China, Xi Jinping, j\u00e1 havia antecipado que estava considerando a possibilidade de aderir ao acordo. O pedido de Pequim foi feito um dia depois de os Estados Unidos, a Austr\u00e1lia e o Reino Unido terem anunciado um novo pacto militar para conter a ascens\u00e3o da China no Indo-Pac\u00edfico.<\/p>\n<p>As negocia\u00e7\u00f5es da Parceria Transpac\u00edfica, conhecida pela sigla TPP, foram iniciadas pelo ex-presidente americano Barack Obama, como forma de aumentar a influ\u00eancia de Washington na regi\u00e3o.<\/p>\n<p><strong>Rimac<br \/>\n<\/strong>Mas Donald Trump se retirou do acordo, que foi conclu\u00eddo posteriormente sob a lideran\u00e7a do Jap\u00e3o. O tratado, inclusive, mudou de nome ap\u00f3s a sa\u00edda americana das negocia\u00e7\u00f5es.<\/p>\n<p>Atualmente, o CPTPP \u00e9 integrado por 11 pa\u00edses. Tamb\u00e9m fazem parte do acordo Brunei, Canad\u00e1, Chile, M\u00e9xico, Nova Zel\u00e2ndia, Peru e Cingapura. O Reino Unido solicitou recentemente ades\u00e3o ao tratado.<\/p>\n<p>Fonte: Valor<\/p>\n","protected":false},"excerpt":{"rendered":"<p>A China solicitou formalmente nesta quinta-feira (16) a ades\u00e3o ao Acordo Abrangente e Progressivo para a Parceria Transpac\u00edfica (CPTPP, na sigla em ingl\u00eas), pacto comercial&#8230;<\/p>\n","protected":false},"author":1527,"featured_media":5048,"comment_status":"closed","ping_status":"closed","sticky":false,"template":"","format":"standard","meta":{"footnotes":""},"categories":[6],"tags":[],"class_list":["post-35798","post","type-post","status-publish","format-standard","has-post-thumbnail","hentry","category-noticias"],"_links":{"self":[{"href":"https:\/\/www.sincomam.org.br\/index.php\/wp-json\/wp\/v2\/posts\/35798","targetHints":{"allow":["GET"]}}],"collection":[{"href":"https:\/\/www.sincomam.org.br\/index.php\/wp-json\/wp\/v2\/posts"}],"about":[{"href":"https:\/\/www.sincomam.org.br\/index.php\/wp-json\/wp\/v2\/types\/post"}],"author":[{"embeddable":true,"href":"https:\/\/www.sincomam.org.br\/index.php\/wp-json\/wp\/v2\/users\/1527"}],"replies":[{"embeddable":true,"href":"https:\/\/www.sincomam.org.br\/index.php\/wp-json\/wp\/v2\/comments?post=35798"}],"version-history":[{"count":1,"href":"https:\/\/www.sincomam.org.br\/index.php\/wp-json\/wp\/v2\/posts\/35798\/revisions"}],"predecessor-version":[{"id":35799,"href":"https:\/\/www.sincomam.org.br\/index.php\/wp-json\/wp\/v2\/posts\/35798\/revisions\/35799"}],"wp:featuredmedia":[{"embeddable":true,"href":"https:\/\/www.sincomam.org.br\/index.php\/wp-json\/wp\/v2\/media\/5048"}],"wp:attachment":[{"href":"https:\/\/www.sincomam.org.br\/index.php\/wp-json\/wp\/v2\/media?parent=35798"}],"wp:term":[{"taxonomy":"category","embeddable":true,"href":"https:\/\/www.sincomam.org.br\/index.php\/wp-json\/wp\/v2\/categories?post=35798"},{"taxonomy":"post_tag","embeddable":true,"href":"https:\/\/www.sincomam.org.br\/index.php\/wp-json\/wp\/v2\/tags?post=35798"}],"curies":[{"name":"wp","href":"https:\/\/api.w.org\/{rel}","templated":true}]}}