{"id":35783,"date":"2021-09-16T10:29:25","date_gmt":"2021-09-16T13:29:25","guid":{"rendered":"http:\/\/www.sincomam.org.br\/?p=35783"},"modified":"2021-09-16T10:31:53","modified_gmt":"2021-09-16T13:31:53","slug":"weg-aposta-em-energia-no-brasil-e-eua","status":"publish","type":"post","link":"https:\/\/www.sincomam.org.br\/index.php\/weg-aposta-em-energia-no-brasil-e-eua\/","title":{"rendered":"WEG aposta em energia no Brasil e EUA"},"content":{"rendered":"<p>A WEG acaba de dar passos considerados importantes para refor\u00e7ar sua posi\u00e7\u00e3o em gera\u00e7\u00e3o, transmiss\u00e3o e distribui\u00e7\u00e3o (GTD) de energia, uma de suas principais unidades de neg\u00f3cio.<\/p>\n<p>No Brasil, a companhia catarinense anunciou a aquisi\u00e7\u00e3o da fabricante mineira Balteau Produtos El\u00e9tricos, agregando \u00e0 carteira uma nova linha de produtos. J\u00e1 nos Estados Unidos, outro mercado-chave para equipamentos de energia, est\u00e1 inaugurando sua quinta planta de transformadores, ap\u00f3s um investimento de US$ 17 milh\u00f5es.<\/p>\n<p>Embora as duas iniciativas sejam distintas e envolvam estrat\u00e9gias espec\u00edficas para cada um dos mercados, elas se encaixam no mesmo prop\u00f3sito da companhia de aproveitar as oportunidades surgidas com as profundas transforma\u00e7\u00f5es do setor de energia ao redor do mundo, afirmou ao Valor Carlos Diether Prinz, diretor superintendente da WEG Transmiss\u00e3o e Distribui\u00e7\u00e3o (T&amp;D).<\/p>\n<p>No caso do mercado brasileiro, a companhia fechou um acordo para a compra de 100% do capital social da Balteau, por valor n\u00e3o revelado. Situada no munic\u00edpio de Itajub\u00e1 (MG) e com um parque fabril de 11.800 m\u00b2 de \u00e1rea constru\u00edda, a empresa \u00e9 especializada em produtos que a WEG ainda n\u00e3o tem em seu portf\u00f3lio: transformadores para instrumentos e conjuntos de medi\u00e7\u00e3o. Em 2020, a receita l\u00edquida da Balteau foi de R$ 121,7 milh\u00f5es.<\/p>\n<p><strong>Rimac<br \/>\n<\/strong>\u201cOs nossos transformadores tradicionais s\u00e3o de grande pot\u00eancia, aplicados nas hidrel\u00e9tricas, ind\u00fastrias. Esse produto que estamos incorporando ao portf\u00f3lio agora serve para medir energia, ele transforma as grandes correntes em voltagens que podem ser medidas. Com isso, vamos avan\u00e7ar muito na digitaliza\u00e7\u00e3o &#8211; nos ajudar\u00e1 a transformar as subesta\u00e7\u00f5es de energia em produtos mais inteligentes, digitalizados\u201d, explica Prinz.<\/p>\n<p>De acordo com o executivo, os novos produtos ser\u00e3o trabalhados inicialmente no mercado brasileiro, mas no futuro a ideia \u00e9 que eles possam ser internacionalizados. \u201cA Balteau \u00e9 uma das grandes \u2018players\u2019 no pa\u00eds. Em transformadores de at\u00e9 550 kilovolts (kV), ela tem capacidade de produ\u00e7\u00e3o de 350 pe\u00e7as por ano, um volume bastante significativo\u201d.<\/p>\n<p>Essa \u00e9 a primeira grande aquisi\u00e7\u00e3o anunciada pela WEG desde janeiro de 2020, quando comunicou a compra da f\u00e1brica de transformadores da TSEA, no munic\u00edpio de Betim (MG). Nesse meio tempo, a companhia continuou avaliando oportunidades de aquisi\u00e7\u00f5es, mas considerava que o contexto da pandemia da covid-19 dificultava processos de &#8220;due dilligence&#8221; e eventual integra\u00e7\u00e3o de novos neg\u00f3cios.<\/p>\n<p>J\u00e1 no caso da nova f\u00e1brica nos Estados Unidos, a ideia \u00e9 expandir sua capacidade de produ\u00e7\u00e3o de transformadores para atender sobretudo clientes industriais e concession\u00e1rias de energia el\u00e9trica. \u201cSomos l\u00edderes em transformadores para parques de gera\u00e7\u00e3o renov\u00e1vel nos Estados Unidos, mas ainda n\u00e3o temos uma inser\u00e7\u00e3o forte na ind\u00fastria e nas utilities\u201d, observa o executivo.<\/p>\n<p>Localizada na cidade de Washington (Missouri), onde a empresa j\u00e1 possui outras duas unidades operando desde 2017, a nova f\u00e1brica da WEG recebeu investimentos de US$ 17 milh\u00f5es e ser\u00e1 dedicada \u00e0 produ\u00e7\u00e3o de transformadores de pot\u00eancia at\u00e9 10 MVA (megavoltamp\u00e8re) e tens\u00e3o at\u00e9 46 kV.<\/p>\n<p>A Am\u00e9rica do Norte \u00e9 o principal mercado da WEG fora do Brasil e, na \u00e1rea de energia, suas opera\u00e7\u00f5es est\u00e3o divididas em plantas nos Estados Unidos e no M\u00e9xico. Para atender outros mercados estrat\u00e9gicos, a fabricante tem ainda unidades fabris no Brasil, na Col\u00f4mbia e na \u00c1frica do Sul.<\/p>\n<p>Segundo o diretor da WEG, a f\u00e1brica de transformadores de Betim, cuja aquisi\u00e7\u00e3o foi conclu\u00edda em dezembro do ano passado, j\u00e1 est\u00e1 operando a 100% da capacidade. &#8220;Temos uma expectativa bastante positiva para o neg\u00f3cio de transmiss\u00e3o e distribui\u00e7\u00e3o no Brasil. Nos \u00faltimos dois anos os leil\u00f5es de transmiss\u00e3o foram um pouco reduzidos, mas vemos uma grande oportunidade para o futuro&#8221;. J\u00e1 nos EUA, a aposta \u00e9 de que o plano de crescimento de gera\u00e7\u00e3o renov\u00e1vel de energia puxar\u00e1 tamb\u00e9m investimentos massivos em transmiss\u00e3o. \u201cEsse novo parque renov\u00e1vel, principalmente solar, que est\u00e1 sendo ventilado ter\u00e1 que ter sua energia transmitida. L\u00e1, se fala em construir um novo grid de transmiss\u00e3o\u201d.<\/p>\n<p>Fonte: Valor<\/p>\n","protected":false},"excerpt":{"rendered":"<p>A WEG acaba de dar passos considerados importantes para refor\u00e7ar sua posi\u00e7\u00e3o em gera\u00e7\u00e3o, transmiss\u00e3o e distribui\u00e7\u00e3o (GTD) de energia, uma de suas principais unidades&#8230;<\/p>\n","protected":false},"author":1527,"featured_media":4649,"comment_status":"closed","ping_status":"closed","sticky":false,"template":"","format":"standard","meta":{"footnotes":""},"categories":[6],"tags":[],"class_list":["post-35783","post","type-post","status-publish","format-standard","has-post-thumbnail","hentry","category-noticias"],"_links":{"self":[{"href":"https:\/\/www.sincomam.org.br\/index.php\/wp-json\/wp\/v2\/posts\/35783","targetHints":{"allow":["GET"]}}],"collection":[{"href":"https:\/\/www.sincomam.org.br\/index.php\/wp-json\/wp\/v2\/posts"}],"about":[{"href":"https:\/\/www.sincomam.org.br\/index.php\/wp-json\/wp\/v2\/types\/post"}],"author":[{"embeddable":true,"href":"https:\/\/www.sincomam.org.br\/index.php\/wp-json\/wp\/v2\/users\/1527"}],"replies":[{"embeddable":true,"href":"https:\/\/www.sincomam.org.br\/index.php\/wp-json\/wp\/v2\/comments?post=35783"}],"version-history":[{"count":2,"href":"https:\/\/www.sincomam.org.br\/index.php\/wp-json\/wp\/v2\/posts\/35783\/revisions"}],"predecessor-version":[{"id":35785,"href":"https:\/\/www.sincomam.org.br\/index.php\/wp-json\/wp\/v2\/posts\/35783\/revisions\/35785"}],"wp:featuredmedia":[{"embeddable":true,"href":"https:\/\/www.sincomam.org.br\/index.php\/wp-json\/wp\/v2\/media\/4649"}],"wp:attachment":[{"href":"https:\/\/www.sincomam.org.br\/index.php\/wp-json\/wp\/v2\/media?parent=35783"}],"wp:term":[{"taxonomy":"category","embeddable":true,"href":"https:\/\/www.sincomam.org.br\/index.php\/wp-json\/wp\/v2\/categories?post=35783"},{"taxonomy":"post_tag","embeddable":true,"href":"https:\/\/www.sincomam.org.br\/index.php\/wp-json\/wp\/v2\/tags?post=35783"}],"curies":[{"name":"wp","href":"https:\/\/api.w.org\/{rel}","templated":true}]}}