{"id":35768,"date":"2021-09-15T10:15:54","date_gmt":"2021-09-15T13:15:54","guid":{"rendered":"http:\/\/www.sincomam.org.br\/?p=35768"},"modified":"2021-09-15T10:15:54","modified_gmt":"2021-09-15T13:15:54","slug":"petrobras-combustivel-mais-caro-do-mundo-e-aquele-que-nao-tem-nos-postos-diz-ceo","status":"publish","type":"post","link":"https:\/\/www.sincomam.org.br\/index.php\/petrobras-combustivel-mais-caro-do-mundo-e-aquele-que-nao-tem-nos-postos-diz-ceo\/","title":{"rendered":"Petrobras: Combust\u00edvel mais caro do mundo \u00e9 aquele que n\u00e3o tem nos postos, diz CEO"},"content":{"rendered":"<p>Ao ser questionado sobre a alta nos pre\u00e7os de combust\u00edveis em audi\u00eancia na C\u00e2mara dos Deputados nesta ter\u00e7a-feira (14), o presidente da Petrobras, Joaquim Silva e Luna, disse que a estatal trabalha para garantir o fornecimento de combust\u00edveis no pa\u00eds e criticou tabelamentos de pre\u00e7os. \u201cO combust\u00edvel mais caro do mundo \u00e9 aquele que n\u00e3o existe. Nosso esfor\u00e7o \u00e9 para que n\u00e3o falte combust\u00edveis no Brasil. Recentemente tivemos que aumentar nossa capacidade de navios [de regasifica\u00e7\u00e3o], por exemplo. Pre\u00e7os tabelados n\u00e3o s\u00e3o reais e acabam com qualquer investimento\u201d, disse o executivo.<\/p>\n<p>Nesse sentido, o presidente da Petrobras disse que a companhia est\u00e1 colaborando para atender a demanda por g\u00e1s durante a crise no setor el\u00e9trico, com a baixa nos reservat\u00f3rios das hidrel\u00e9tricas e a necessidade de acionamento das t\u00e9rmicas.<\/p>\n<p><strong>Petrobras triplicou a oferta de g\u00e1s para usinas t\u00e9rmicas em 12 meses, diz Silva e Luna<br \/>\n<\/strong>Alta dos combust\u00edveis n\u00e3o reflete necessariamente mudan\u00e7as feitas pela Petrobras, diz CEO. \u201cTemos uma crise h\u00eddrica, n\u00e3o uma crise dentro da Petrobras. A companhia tem honrado seu papel com tudo aquilo que lhe cabe fazer\u201d, afirmou. Silva e Luna tamb\u00e9m destacou os esfor\u00e7os da petroleira para reduzir sua d\u00edvida e a inten\u00e7\u00e3o de focar investimentos de agora em diante nas \u00e1reas de explora\u00e7\u00e3o e produ\u00e7\u00e3o de petr\u00f3leo e g\u00e1s natural.<\/p>\n<p>Fonte: Valor<\/p>\n","protected":false},"excerpt":{"rendered":"<p>Ao ser questionado sobre a alta nos pre\u00e7os de combust\u00edveis em audi\u00eancia na C\u00e2mara dos Deputados nesta ter\u00e7a-feira (14), o presidente da Petrobras, Joaquim Silva&#8230;<\/p>\n","protected":false},"author":1527,"featured_media":29820,"comment_status":"closed","ping_status":"closed","sticky":false,"template":"","format":"standard","meta":{"footnotes":""},"categories":[6],"tags":[],"class_list":["post-35768","post","type-post","status-publish","format-standard","has-post-thumbnail","hentry","category-noticias"],"_links":{"self":[{"href":"https:\/\/www.sincomam.org.br\/index.php\/wp-json\/wp\/v2\/posts\/35768","targetHints":{"allow":["GET"]}}],"collection":[{"href":"https:\/\/www.sincomam.org.br\/index.php\/wp-json\/wp\/v2\/posts"}],"about":[{"href":"https:\/\/www.sincomam.org.br\/index.php\/wp-json\/wp\/v2\/types\/post"}],"author":[{"embeddable":true,"href":"https:\/\/www.sincomam.org.br\/index.php\/wp-json\/wp\/v2\/users\/1527"}],"replies":[{"embeddable":true,"href":"https:\/\/www.sincomam.org.br\/index.php\/wp-json\/wp\/v2\/comments?post=35768"}],"version-history":[{"count":1,"href":"https:\/\/www.sincomam.org.br\/index.php\/wp-json\/wp\/v2\/posts\/35768\/revisions"}],"predecessor-version":[{"id":35769,"href":"https:\/\/www.sincomam.org.br\/index.php\/wp-json\/wp\/v2\/posts\/35768\/revisions\/35769"}],"wp:featuredmedia":[{"embeddable":true,"href":"https:\/\/www.sincomam.org.br\/index.php\/wp-json\/wp\/v2\/media\/29820"}],"wp:attachment":[{"href":"https:\/\/www.sincomam.org.br\/index.php\/wp-json\/wp\/v2\/media?parent=35768"}],"wp:term":[{"taxonomy":"category","embeddable":true,"href":"https:\/\/www.sincomam.org.br\/index.php\/wp-json\/wp\/v2\/categories?post=35768"},{"taxonomy":"post_tag","embeddable":true,"href":"https:\/\/www.sincomam.org.br\/index.php\/wp-json\/wp\/v2\/tags?post=35768"}],"curies":[{"name":"wp","href":"https:\/\/api.w.org\/{rel}","templated":true}]}}