{"id":35741,"date":"2021-09-14T10:25:09","date_gmt":"2021-09-14T13:25:09","guid":{"rendered":"http:\/\/www.sincomam.org.br\/?p=35741"},"modified":"2021-09-14T10:25:09","modified_gmt":"2021-09-14T13:25:09","slug":"camara-debate-com-a-petrobras-situacao-da-operacao-das-termeletricas-e-o-preco-dos-combustiveis","status":"publish","type":"post","link":"https:\/\/www.sincomam.org.br\/index.php\/camara-debate-com-a-petrobras-situacao-da-operacao-das-termeletricas-e-o-preco-dos-combustiveis\/","title":{"rendered":"C\u00e2mara debate com a Petrobras situa\u00e7\u00e3o da opera\u00e7\u00e3o das termel\u00e9tricas e o pre\u00e7o dos combust\u00edveis"},"content":{"rendered":"<p>O Plen\u00e1rio da C\u00e2mara dos Deputados transforma-se em comiss\u00e3o geral nesta ter\u00e7a-feira (14) com a presen\u00e7a do presidente da Petrobras, Joaquim Silva e Luna, para debater a situa\u00e7\u00e3o da opera\u00e7\u00e3o das termel\u00e9tricas, o pre\u00e7o dos combust\u00edveis e outros assuntos relacionados \u00e0 empresa.<\/p>\n<p>&#8220;Tudo caro: gasolina, diesel, g\u00e1s de cozinha. O que a Petrobras tem a ver com isso? O plen\u00e1rio vira Comiss\u00e3o Geral para questionar o peso dos pre\u00e7os da empresa no bolso de todos n\u00f3s. \u00a0A Petrobras deve ser lembrada: os brasileiros s\u00e3o seus acionistas&#8221;, disse o presidente da C\u00e2mara dos Deputados, Arthur Lira (PP-AL), por meio de suas redes sociais.<\/p>\n<p>O requerimento para a realiza\u00e7\u00e3o do debate foi apresentado pelo deputado Danilo Forte (PSDB-CE) e assinado por l\u00edderes e deputados de diversos partidos.<\/p>\n<p>Danilo Forte destaca que o Brasil vive atualmente uma grave crise h\u00eddrica, exatamente vinte anos ap\u00f3s enfrentar um dr\u00e1stico racionamento de energia. &#8220;A crise desencadeada pela escassez de chuvas nas regi\u00f5es onde est\u00e3o localizados os reservat\u00f3rios de hidrel\u00e9tricas no come\u00e7o do ano se agrava mais ainda com os atrasos em investimentos de gera\u00e7\u00e3o e de transmiss\u00e3o&#8221;, afirma.<\/p>\n<p>Danilo Forte destaca que o Brasil faz, nesse contexto, uso recorde de termel\u00e9tricas movidas a g\u00e1s e carv\u00e3o mineral, fontes campe\u00e3s em polui\u00e7\u00e3o atmosf\u00e9rica. &#8220;Essa situa\u00e7\u00e3o configura-se claramente um retrocesso&#8221;, acrescenta.<\/p>\n<p><strong>Rito da sess\u00e3o<br \/>\n<\/strong>&#8211; Abertura pelo presidente Arthur Lira<br \/>\n&#8211; Palavra ao presidente da Petrobras, Joaquim Silva e Luna, por dez minutos<br \/>\n&#8211; Palavra ao presidente da Comiss\u00e3o de Minas e Energia, deputado Edio Lopes (PL-RR), por dez minutos<br \/>\n&#8211; Palavra ao deputado Danilo Forte por dez minutos<br \/>\n&#8211; Deputados inscritos pelas lideran\u00e7as, por cinco minutos cada um<br \/>\n&#8211; O presidente da Petrobras ter\u00e1 dez minutos de resposta a cada dez oradores<br \/>\n&#8211; Os l\u00edderes poder\u00e3o falar por cinco minutos cada<br \/>\n&#8211; O l\u00edder partid\u00e1rio poder\u00e1 autorizar que representante do partido agregue o tempo de l\u00edder (cinco minutos) ao tempo destinado \u00e0 cada bancada.<\/p>\n<p>Fonte: Ag\u00eancia C\u00e2mara de Not\u00edcias<\/p>\n","protected":false},"excerpt":{"rendered":"<p>O Plen\u00e1rio da C\u00e2mara dos Deputados transforma-se em comiss\u00e3o geral nesta ter\u00e7a-feira (14) com a presen\u00e7a do presidente da Petrobras, Joaquim Silva e Luna, para&#8230;<\/p>\n","protected":false},"author":1527,"featured_media":29388,"comment_status":"closed","ping_status":"closed","sticky":false,"template":"","format":"standard","meta":{"footnotes":""},"categories":[6],"tags":[],"class_list":["post-35741","post","type-post","status-publish","format-standard","has-post-thumbnail","hentry","category-noticias"],"_links":{"self":[{"href":"https:\/\/www.sincomam.org.br\/index.php\/wp-json\/wp\/v2\/posts\/35741","targetHints":{"allow":["GET"]}}],"collection":[{"href":"https:\/\/www.sincomam.org.br\/index.php\/wp-json\/wp\/v2\/posts"}],"about":[{"href":"https:\/\/www.sincomam.org.br\/index.php\/wp-json\/wp\/v2\/types\/post"}],"author":[{"embeddable":true,"href":"https:\/\/www.sincomam.org.br\/index.php\/wp-json\/wp\/v2\/users\/1527"}],"replies":[{"embeddable":true,"href":"https:\/\/www.sincomam.org.br\/index.php\/wp-json\/wp\/v2\/comments?post=35741"}],"version-history":[{"count":1,"href":"https:\/\/www.sincomam.org.br\/index.php\/wp-json\/wp\/v2\/posts\/35741\/revisions"}],"predecessor-version":[{"id":35742,"href":"https:\/\/www.sincomam.org.br\/index.php\/wp-json\/wp\/v2\/posts\/35741\/revisions\/35742"}],"wp:featuredmedia":[{"embeddable":true,"href":"https:\/\/www.sincomam.org.br\/index.php\/wp-json\/wp\/v2\/media\/29388"}],"wp:attachment":[{"href":"https:\/\/www.sincomam.org.br\/index.php\/wp-json\/wp\/v2\/media?parent=35741"}],"wp:term":[{"taxonomy":"category","embeddable":true,"href":"https:\/\/www.sincomam.org.br\/index.php\/wp-json\/wp\/v2\/categories?post=35741"},{"taxonomy":"post_tag","embeddable":true,"href":"https:\/\/www.sincomam.org.br\/index.php\/wp-json\/wp\/v2\/tags?post=35741"}],"curies":[{"name":"wp","href":"https:\/\/api.w.org\/{rel}","templated":true}]}}