{"id":35739,"date":"2021-09-14T10:21:23","date_gmt":"2021-09-14T13:21:23","guid":{"rendered":"http:\/\/www.sincomam.org.br\/?p=35739"},"modified":"2021-09-14T10:21:23","modified_gmt":"2021-09-14T13:21:23","slug":"isencao-de-ipi-na-compra-de-motos-e-scooters-esta-na-pauta-de-comissao-nesta-terca","status":"publish","type":"post","link":"https:\/\/www.sincomam.org.br\/index.php\/isencao-de-ipi-na-compra-de-motos-e-scooters-esta-na-pauta-de-comissao-nesta-terca\/","title":{"rendered":"Isen\u00e7\u00e3o de IPI na compra de motos e scooters est\u00e1 na pauta de comiss\u00e3o nesta ter\u00e7a"},"content":{"rendered":"<p>A Comiss\u00e3o de Assuntos Sociais (CAS) pode votar nesta ter\u00e7a-feira (14) um projeto de lei (PL 3.986\/2019) que concede isen\u00e7\u00e3o de Imposto sobre Produtos Industrializados (IPI) na compra de motocicletas por mototaxistas, cooperativas de trabalho ou pessoas com defici\u00eancia. A reuni\u00e3o est\u00e1 marcada para as 11h.<\/p>\n<p>De acordo com o texto do senador Iraj\u00e1 (PSD-TO), o benef\u00edcio vale apenas para a aquisi\u00e7\u00e3o de motos ou motonetas (scooters) nacionais com motor at\u00e9 250 cilindradas. Caso seja aprovada pela CAS, a mat\u00e9ria segue para a Comiss\u00e3o de Assuntos Econ\u00f4micos (CAE).<\/p>\n<p>A CAS pode votar ainda o PL 4.691\/2019, que torna obrigat\u00f3ria a notifica\u00e7\u00e3o de doen\u00e7as raras \u00e0s autoridades sanit\u00e1rias. Para a autora do projeto, senadora Leila Barros (Cidadania-DF), as doen\u00e7as raras ainda s\u00e3o um tema tomado por diverg\u00eancias e interpreta\u00e7\u00f5es equivocadas. Sem dados precisos, argumenta a autora, fica imposs\u00edvel a ado\u00e7\u00e3o de pol\u00edticas p\u00fablicas que ajudem os pacientes. A comiss\u00e3o tem um total de sete itens na pauta de vota\u00e7\u00f5es.<\/p>\n<p><strong>D\u00ea sua opini\u00e3o<br \/>\n<\/strong>O Senado quer saber a opini\u00e3o dos cidad\u00e3os sobre o <a href=\"http:\/\/www12.senado.leg.br\/ecidadania\/visualizacaomateria?id=137696\">PL 3.986\/2019<\/a>\u00a0 \u00a0e o <a href=\"http:\/\/www12.senado.leg.br\/ecidadania\/visualizacaomateria?id=138326\">PL 4.691\/2019<\/a>. No Portal e-Cidadania \u00e9 poss\u00edvel se posicionar a favor ou contra cada uma das propostas em tramita\u00e7\u00e3o no Senado desde o in\u00edcio at\u00e9 a aprova\u00e7\u00e3o final.<\/p>\n<p>Fonte: Ag\u00eancia Senado<\/p>\n","protected":false},"excerpt":{"rendered":"<p>A Comiss\u00e3o de Assuntos Sociais (CAS) pode votar nesta ter\u00e7a-feira (14) um projeto de lei (PL 3.986\/2019) que concede isen\u00e7\u00e3o de Imposto sobre Produtos Industrializados&#8230;<\/p>\n","protected":false},"author":1527,"featured_media":32268,"comment_status":"closed","ping_status":"closed","sticky":false,"template":"","format":"standard","meta":{"footnotes":""},"categories":[6],"tags":[],"class_list":["post-35739","post","type-post","status-publish","format-standard","has-post-thumbnail","hentry","category-noticias"],"_links":{"self":[{"href":"https:\/\/www.sincomam.org.br\/index.php\/wp-json\/wp\/v2\/posts\/35739","targetHints":{"allow":["GET"]}}],"collection":[{"href":"https:\/\/www.sincomam.org.br\/index.php\/wp-json\/wp\/v2\/posts"}],"about":[{"href":"https:\/\/www.sincomam.org.br\/index.php\/wp-json\/wp\/v2\/types\/post"}],"author":[{"embeddable":true,"href":"https:\/\/www.sincomam.org.br\/index.php\/wp-json\/wp\/v2\/users\/1527"}],"replies":[{"embeddable":true,"href":"https:\/\/www.sincomam.org.br\/index.php\/wp-json\/wp\/v2\/comments?post=35739"}],"version-history":[{"count":1,"href":"https:\/\/www.sincomam.org.br\/index.php\/wp-json\/wp\/v2\/posts\/35739\/revisions"}],"predecessor-version":[{"id":35740,"href":"https:\/\/www.sincomam.org.br\/index.php\/wp-json\/wp\/v2\/posts\/35739\/revisions\/35740"}],"wp:featuredmedia":[{"embeddable":true,"href":"https:\/\/www.sincomam.org.br\/index.php\/wp-json\/wp\/v2\/media\/32268"}],"wp:attachment":[{"href":"https:\/\/www.sincomam.org.br\/index.php\/wp-json\/wp\/v2\/media?parent=35739"}],"wp:term":[{"taxonomy":"category","embeddable":true,"href":"https:\/\/www.sincomam.org.br\/index.php\/wp-json\/wp\/v2\/categories?post=35739"},{"taxonomy":"post_tag","embeddable":true,"href":"https:\/\/www.sincomam.org.br\/index.php\/wp-json\/wp\/v2\/tags?post=35739"}],"curies":[{"name":"wp","href":"https:\/\/api.w.org\/{rel}","templated":true}]}}