{"id":35734,"date":"2021-09-11T16:52:58","date_gmt":"2021-09-11T19:52:58","guid":{"rendered":"http:\/\/www.sincomam.org.br\/?p=35734"},"modified":"2021-09-13T09:40:26","modified_gmt":"2021-09-13T12:40:26","slug":"cma-cgm-toma-a-decisao-de-interromper-todos-os-aumentos-de-taxas-spot","status":"publish","type":"post","link":"https:\/\/www.sincomam.org.br\/index.php\/cma-cgm-toma-a-decisao-de-interromper-todos-os-aumentos-de-taxas-spot\/","title":{"rendered":"CMA CGM toma a decis\u00e3o de interromper todos os aumentos de taxas spot"},"content":{"rendered":"<p>Medida entrou em vigor imediatamente em 9 de setembro e tem validade at\u00e9 1\u00ba de fevereiro de 2022. Desde o in\u00edcio de 2021, as taxas spot de embarque de cont\u00eaineres continuaram a aumentar devido ao congestionamento do porto e um grande desequil\u00edbrio entre a demanda e a capacidade efetiva de embarque de cont\u00eainer. Embora esses aumentos de taxas impulsionados pelo mercado devam continuar nos pr\u00f3ximos meses, a CMA CGM decidiu suspender qualquer novo aumento nas taxas de frete spot para todos os servi\u00e7os operados sob suas marcas (CMA CGM, CNC, Containerships, Mercosul, ANL, APL ) A decis\u00e3o ser\u00e1 aplicada \u00e0s taxas \u00e0 vista e entrar\u00e1 em vigor imediatamente de 9 de setembro a 1\u00ba de fevereiro de 2022.<\/p>\n<p>A CMA CGM tamb\u00e9m est\u00e1 investindo fortemente para fortalecer sua oferta de servi\u00e7os. A companhia mar\u00edtima destacou que aumentou a capacidade de sua frota operada em 11% desde 31 de dezembro de 2019, por meio da incorpora\u00e7\u00e3o de novas embarca\u00e7\u00f5es e compra de navios usados. Nos \u00faltimos 15 meses, tamb\u00e9m aumentou sua frota de cont\u00eaineres em 780 mil TEUs.<\/p>\n<p>&#8220;Por meio dessas medidas, o grupo visa fortalecer seus relacionamentos valiosos com os clientes e fornecer-lhes suporte enquanto eles navegam pelos dif\u00edceis desafios da cadeia de suprimentos de hoje&#8221;, disse a CMA CGM em um comunicado.<\/p>\n<p>Fonte: Mundo Mar\u00edtimo<\/p>\n","protected":false},"excerpt":{"rendered":"<p>Medida entrou em vigor imediatamente em 9 de setembro e tem validade at\u00e9 1\u00ba de fevereiro de 2022. Desde o in\u00edcio de 2021, as taxas&#8230;<\/p>\n","protected":false},"author":1527,"featured_media":33623,"comment_status":"closed","ping_status":"closed","sticky":false,"template":"","format":"standard","meta":{"footnotes":""},"categories":[6],"tags":[],"class_list":["post-35734","post","type-post","status-publish","format-standard","has-post-thumbnail","hentry","category-noticias"],"_links":{"self":[{"href":"https:\/\/www.sincomam.org.br\/index.php\/wp-json\/wp\/v2\/posts\/35734","targetHints":{"allow":["GET"]}}],"collection":[{"href":"https:\/\/www.sincomam.org.br\/index.php\/wp-json\/wp\/v2\/posts"}],"about":[{"href":"https:\/\/www.sincomam.org.br\/index.php\/wp-json\/wp\/v2\/types\/post"}],"author":[{"embeddable":true,"href":"https:\/\/www.sincomam.org.br\/index.php\/wp-json\/wp\/v2\/users\/1527"}],"replies":[{"embeddable":true,"href":"https:\/\/www.sincomam.org.br\/index.php\/wp-json\/wp\/v2\/comments?post=35734"}],"version-history":[{"count":1,"href":"https:\/\/www.sincomam.org.br\/index.php\/wp-json\/wp\/v2\/posts\/35734\/revisions"}],"predecessor-version":[{"id":35735,"href":"https:\/\/www.sincomam.org.br\/index.php\/wp-json\/wp\/v2\/posts\/35734\/revisions\/35735"}],"wp:featuredmedia":[{"embeddable":true,"href":"https:\/\/www.sincomam.org.br\/index.php\/wp-json\/wp\/v2\/media\/33623"}],"wp:attachment":[{"href":"https:\/\/www.sincomam.org.br\/index.php\/wp-json\/wp\/v2\/media?parent=35734"}],"wp:term":[{"taxonomy":"category","embeddable":true,"href":"https:\/\/www.sincomam.org.br\/index.php\/wp-json\/wp\/v2\/categories?post=35734"},{"taxonomy":"post_tag","embeddable":true,"href":"https:\/\/www.sincomam.org.br\/index.php\/wp-json\/wp\/v2\/tags?post=35734"}],"curies":[{"name":"wp","href":"https:\/\/api.w.org\/{rel}","templated":true}]}}