{"id":35728,"date":"2021-09-11T16:47:22","date_gmt":"2021-09-11T19:47:22","guid":{"rendered":"http:\/\/www.sincomam.org.br\/?p=35728"},"modified":"2021-09-13T09:41:35","modified_gmt":"2021-09-13T12:41:35","slug":"delegacia-fluvial-de-furnas-reforca-fiscalizacao-do-trafego-aquaviario","status":"publish","type":"post","link":"https:\/\/www.sincomam.org.br\/index.php\/delegacia-fluvial-de-furnas-reforca-fiscalizacao-do-trafego-aquaviario\/","title":{"rendered":"Delegacia Fluvial de Furnas refor\u00e7a fiscaliza\u00e7\u00e3o do tr\u00e1fego aquavi\u00e1rio"},"content":{"rendered":"<p>A Delegacia Fluvial de Furnas (DelFurnas) realizou, entre 3 e 7 de setembro, opera\u00e7\u00e3o de fiscaliza\u00e7\u00e3o do tr\u00e1fego aquavi\u00e1rio com o apoio da Pol\u00edcia Militar Ambiental do Estado de Minas Gerais (PMAMG). Foram realizadas 360 abordagens, sendo lavradas 87 notifica\u00e7\u00f5es e apreendidas 12 embarca\u00e7\u00f5es por descumprimento \u00e0s normas da Autoridade Mar\u00edtima.<\/p>\n<p>As a\u00e7\u00f5es ocorreram nos polos de inspe\u00e7\u00e3o naval com maior concentra\u00e7\u00e3o de embarca\u00e7\u00f5es da \u00e1rea de jurisdi\u00e7\u00e3o, compreendendo o Lago de Furnas e as represas do Estreito, do Funil e do Peixoto, margeados pelos munic\u00edpios de Alfenas, Boa Esperan\u00e7a, Capit\u00f3lio, Fama, Guap\u00e9, S\u00e3o Jo\u00e3o Batista do Gl\u00f3ria, S\u00e3o Jos\u00e9 da Barra, C\u00e1ssia, Delfin\u00f3polis, na Represa de Peixoto, Ibiraci e Claraval, Ijaci, Lavras, Perd\u00f5es e Ribeir\u00e3o Vermelho.<\/p>\n<p>Foram empregados 36 militares, 7 viaturas e 9 embarca\u00e7\u00f5es da DelFurnas e da PMAMG, atuando com o intuito de refor\u00e7ar a seguran\u00e7a da navega\u00e7\u00e3o, a salvaguarda da vida humana e a preven\u00e7\u00e3o \u00e0 polui\u00e7\u00e3o h\u00eddrica.<\/p>\n<p>Fonte: Centro de Comunica\u00e7\u00e3o Social da Marinha<\/p>\n","protected":false},"excerpt":{"rendered":"<p>A Delegacia Fluvial de Furnas (DelFurnas) realizou, entre 3 e 7 de setembro, opera\u00e7\u00e3o de fiscaliza\u00e7\u00e3o do tr\u00e1fego aquavi\u00e1rio com o apoio da Pol\u00edcia Militar&#8230;<\/p>\n","protected":false},"author":1527,"featured_media":31672,"comment_status":"closed","ping_status":"closed","sticky":false,"template":"","format":"standard","meta":{"footnotes":""},"categories":[6],"tags":[],"class_list":["post-35728","post","type-post","status-publish","format-standard","has-post-thumbnail","hentry","category-noticias"],"_links":{"self":[{"href":"https:\/\/www.sincomam.org.br\/index.php\/wp-json\/wp\/v2\/posts\/35728","targetHints":{"allow":["GET"]}}],"collection":[{"href":"https:\/\/www.sincomam.org.br\/index.php\/wp-json\/wp\/v2\/posts"}],"about":[{"href":"https:\/\/www.sincomam.org.br\/index.php\/wp-json\/wp\/v2\/types\/post"}],"author":[{"embeddable":true,"href":"https:\/\/www.sincomam.org.br\/index.php\/wp-json\/wp\/v2\/users\/1527"}],"replies":[{"embeddable":true,"href":"https:\/\/www.sincomam.org.br\/index.php\/wp-json\/wp\/v2\/comments?post=35728"}],"version-history":[{"count":1,"href":"https:\/\/www.sincomam.org.br\/index.php\/wp-json\/wp\/v2\/posts\/35728\/revisions"}],"predecessor-version":[{"id":35729,"href":"https:\/\/www.sincomam.org.br\/index.php\/wp-json\/wp\/v2\/posts\/35728\/revisions\/35729"}],"wp:featuredmedia":[{"embeddable":true,"href":"https:\/\/www.sincomam.org.br\/index.php\/wp-json\/wp\/v2\/media\/31672"}],"wp:attachment":[{"href":"https:\/\/www.sincomam.org.br\/index.php\/wp-json\/wp\/v2\/media?parent=35728"}],"wp:term":[{"taxonomy":"category","embeddable":true,"href":"https:\/\/www.sincomam.org.br\/index.php\/wp-json\/wp\/v2\/categories?post=35728"},{"taxonomy":"post_tag","embeddable":true,"href":"https:\/\/www.sincomam.org.br\/index.php\/wp-json\/wp\/v2\/tags?post=35728"}],"curies":[{"name":"wp","href":"https:\/\/api.w.org\/{rel}","templated":true}]}}