{"id":35726,"date":"2021-09-11T16:45:38","date_gmt":"2021-09-11T19:45:38","guid":{"rendered":"http:\/\/www.sincomam.org.br\/?p=35726"},"modified":"2021-09-13T09:42:03","modified_gmt":"2021-09-13T12:42:03","slug":"senado-ctfc-pode-votar-projeto-que-obriga-operadoras-a-vender-planos-de-saude-individuais","status":"publish","type":"post","link":"https:\/\/www.sincomam.org.br\/index.php\/senado-ctfc-pode-votar-projeto-que-obriga-operadoras-a-vender-planos-de-saude-individuais\/","title":{"rendered":"Senado: CTFC pode votar projeto que obriga operadoras a vender planos de sa\u00fade individuais"},"content":{"rendered":"<p>Projeto que obriga as operadoras a vender planos de sa\u00fade individuais ou familiares pode ser votado pela Comiss\u00e3o de Transpar\u00eancia, Governan\u00e7a, Fiscaliza\u00e7\u00e3o e Controle e Defesa do Consumidor (CTFC) na pr\u00f3xima ter\u00e7a-feira (14). Tamb\u00e9m est\u00e1 na pauta projeto para obrigar r\u00f3tulos de refrigerantes a exibir advert\u00eancias sobre os malef\u00edcios dessas bebidas, entre outros projetos e pedidos de informa\u00e7\u00e3o. A reuni\u00e3o est\u00e1 marcada para as 14h30.<\/p>\n<p>O Projeto de Lei do Senado (PLS) 153\/2017, do senador Reguffe (Podemos-DF), obriga as operadoras a vender planos de sa\u00fade individuais ou familiares. O texto altera a Lei\u00a09.656, de 1998, que regula a oferta de planos e seguros privados de assist\u00eancia \u00e0 sa\u00fade. O relat\u00f3rio, do senador Styvenson Valentim (Podemos-RN), e \u00e9 favor\u00e1vel \u00e0 aprova\u00e7\u00e3o com emendas.<\/p>\n<p>De acordo com Reguffe, as operadoras evitam vender planos individuais para obrigar os consumidores a adquirir planos coletivos, que n\u00e3o contam com as mesmas garantias. Alguns dos benef\u00edcios que n\u00e3o se aplicam aos planos coletivos s\u00e3o o controle de reajuste da mensalidade, feito pela Ag\u00eancia Nacional de Sa\u00fade Suplementar (ANS), e a impossibilidade de rescis\u00e3o contratual unilateral pela operadora.<\/p>\n<p>As duas emendas apresentadas por Styvenson fazem ajustes para deixar expressa a exig\u00eancia de comercializa\u00e7\u00e3o de plano de sa\u00fade privado do tipo individual ou familiar; para excluir as operadoras de autogest\u00e3o da exig\u00eancia dessa oferta; e para permitir o cancelamento do registro da operadora que se recusar a vender planos individuais ou familiares; e determinar \u00e0s empresas a\u00a0comprova\u00e7\u00e3o da oferta dessas op\u00e7\u00f5es de planos ao consumidor no ato de contrata\u00e7\u00e3o do servi\u00e7o.<\/p>\n<p>Se for aprovado pela CTFC, o PLS 153\/2017 segue para vota\u00e7\u00e3o final na Comiss\u00e3o de Assuntos Sociais (CAS).<\/p>\n<p><strong>Refrigerantes<br \/>\n<\/strong>Entre os 13 itens na pauta da comiss\u00e3o tamb\u00e9m est\u00e1 o PLS 9\/2017 , do senador Randolfe Rodrigues (Rede-AP) que obriga r\u00f3tulos de refrigerantes a exibir advert\u00eancias sobre os problemas que essas bebidas podem causar \u00e0 sa\u00fade. Al\u00e9m disso, o texto pro\u00edbe a venda ou distribui\u00e7\u00e3o de refrigerantes em escolas de educa\u00e7\u00e3o b\u00e1sica.<\/p>\n<p>Tamb\u00e9m pode ser votado o PL 3.614\/2019, do senador Rodrigo Cunha (PSDB-AL), que obriga concession\u00e1rias de servi\u00e7os p\u00fablicos a oferecer a possibilidade de inclus\u00e3o de nome de c\u00f4njuge, companheiro ou pessoa maior de 18 anos que resida com o usu\u00e1rio, para fins de comprova\u00e7\u00e3o de resid\u00eancia.<\/p>\n<p><strong>Armas<br \/>\n<\/strong>A pauta tamb\u00e9m tem requerimentos, entre eles o que pede informa\u00e7\u00f5es aos ministros da Justi\u00e7a e Seguran\u00e7a P\u00fablica, Anderson Torres, e da Defesa, Walter Braga Netto, sobre a emiss\u00e3o de licen\u00e7as para posse e porte de armas no Brasil. O REQ 10\/2021 \u2013 CTFC, do senador Randolfe Rodrigues, tamb\u00e9m pede o acesso integral da comiss\u00e3o aos dados do Sistema Nacional de Armas (Sinarm) e do Sistema de Gerenciamento Militar de Armas (Sigma).<\/p>\n<p>Fonte: Ag\u00eancia Senado<\/p>\n","protected":false},"excerpt":{"rendered":"<p>Projeto que obriga as operadoras a vender planos de sa\u00fade individuais ou familiares pode ser votado pela Comiss\u00e3o de Transpar\u00eancia, Governan\u00e7a, Fiscaliza\u00e7\u00e3o e Controle e&#8230;<\/p>\n","protected":false},"author":1527,"featured_media":18116,"comment_status":"closed","ping_status":"closed","sticky":false,"template":"","format":"standard","meta":{"footnotes":""},"categories":[6],"tags":[],"class_list":["post-35726","post","type-post","status-publish","format-standard","has-post-thumbnail","hentry","category-noticias"],"_links":{"self":[{"href":"https:\/\/www.sincomam.org.br\/index.php\/wp-json\/wp\/v2\/posts\/35726","targetHints":{"allow":["GET"]}}],"collection":[{"href":"https:\/\/www.sincomam.org.br\/index.php\/wp-json\/wp\/v2\/posts"}],"about":[{"href":"https:\/\/www.sincomam.org.br\/index.php\/wp-json\/wp\/v2\/types\/post"}],"author":[{"embeddable":true,"href":"https:\/\/www.sincomam.org.br\/index.php\/wp-json\/wp\/v2\/users\/1527"}],"replies":[{"embeddable":true,"href":"https:\/\/www.sincomam.org.br\/index.php\/wp-json\/wp\/v2\/comments?post=35726"}],"version-history":[{"count":1,"href":"https:\/\/www.sincomam.org.br\/index.php\/wp-json\/wp\/v2\/posts\/35726\/revisions"}],"predecessor-version":[{"id":35727,"href":"https:\/\/www.sincomam.org.br\/index.php\/wp-json\/wp\/v2\/posts\/35726\/revisions\/35727"}],"wp:featuredmedia":[{"embeddable":true,"href":"https:\/\/www.sincomam.org.br\/index.php\/wp-json\/wp\/v2\/media\/18116"}],"wp:attachment":[{"href":"https:\/\/www.sincomam.org.br\/index.php\/wp-json\/wp\/v2\/media?parent=35726"}],"wp:term":[{"taxonomy":"category","embeddable":true,"href":"https:\/\/www.sincomam.org.br\/index.php\/wp-json\/wp\/v2\/categories?post=35726"},{"taxonomy":"post_tag","embeddable":true,"href":"https:\/\/www.sincomam.org.br\/index.php\/wp-json\/wp\/v2\/tags?post=35726"}],"curies":[{"name":"wp","href":"https:\/\/api.w.org\/{rel}","templated":true}]}}