{"id":35724,"date":"2021-09-11T16:44:25","date_gmt":"2021-09-11T19:44:25","guid":{"rendered":"http:\/\/www.sincomam.org.br\/?p=35724"},"modified":"2021-09-13T09:42:19","modified_gmt":"2021-09-13T12:42:19","slug":"aneel-mme-e-taesa-inauguram-linha-de-transmissao-que-ampliara-transporte-de-energia-do-nordeste-para-o-sudeste","status":"publish","type":"post","link":"https:\/\/www.sincomam.org.br\/index.php\/aneel-mme-e-taesa-inauguram-linha-de-transmissao-que-ampliara-transporte-de-energia-do-nordeste-para-o-sudeste\/","title":{"rendered":"Aneel, MME e Taesa inauguram linha de transmiss\u00e3o que ampliar\u00e1 transporte de energia do Nordeste para o Sudeste"},"content":{"rendered":"<p>A Ag\u00eancia Nacional de Energia El\u00e9trica (Aneel), o Minist\u00e9rio de Minas e Energia (MME) e a Transmissora Alian\u00e7a de Energia El\u00e9trica (Taesa) inauguraram na manh\u00e3 deste s\u00e1bado (11\/9), em Jana\u00faba (MG), uma nova linha de transmiss\u00e3o que ir\u00e1 refor\u00e7ar o transporte de energia do Nordeste para o Sudeste e Centro-Oeste do Pa\u00eds.<\/p>\n<p>O diretor-geral da Aneel, Andr\u00e9 Pepitone, acompanhado pelo ministro de Minas e Energia, Bento Albuquerque, destacou o empreendimento que une os estados da Bahia e de Minas Gerais. \u201cEsse projeto possibilitar\u00e1 o aumento do fluxo do interc\u00e2mbio de energia das regi\u00f5es Nordeste e Sudeste na ordem de 1.600 megawatts\u201d, ressaltou Pepitone.<\/p>\n<p>\u201cEsta obra \u00e9 fundamental para enfrentarmos a mais severa escassez h\u00eddrica dos \u00faltimos 91 anos. Ela permite levar energia para a regi\u00e3o Sudeste, justamente aquela em que os reservat\u00f3rios das usinas hidrel\u00e9tricas est\u00e3o sendo castigados com o mais longo per\u00edodo de estiagem\u201d, afirmou o diretor-geral da Aneel na cerim\u00f4nia de inaugura\u00e7\u00e3o.<\/p>\n<p>Pepitone previu, ainda, a entrada em opera\u00e7\u00e3o comercial, at\u00e9 o fim do ano, de novas linhas de transmiss\u00e3o nas regi\u00f5es Sudeste, Nordeste e Norte. \u201cComo reflexo de nosso esfor\u00e7o, temos agendado, para os pr\u00f3ximos meses, a entrada em opera\u00e7\u00e3o de duas novas linhas de transmiss\u00e3o que aumentar\u00e3o ainda mais a capacidade de levar energia limpa e renov\u00e1vel da regi\u00e3o Nordeste para a regi\u00e3o Sudeste\u201d, completou. As obras atravessar\u00e3o os estados de Minas Gerais, Bahia, Maranh\u00e3o, Piau\u00ed, Tocantins e Par\u00e1.<\/p>\n<p>Tamb\u00e9m participaram da inaugura\u00e7\u00e3o em Jana\u00faba o diretor-geral do Operador Nacional do Sistema El\u00e9trico (ONS), Luiz Carlos Ciocchi; o prefeito do munic\u00edpio mineiro, Jos\u00e9 Aparecido Mendes Santos; o diretor-presidente da Cemig, Reynaldo Passanezi; o diretor-presidente da Taesa, Andr\u00e9 Moreira, e os superintendentes de fiscaliza\u00e7\u00e3o da Aneel Gi\u00e1como Almeida e Gentil Nogueira.<\/p>\n<p><strong>O empreendimento<br \/>\n<\/strong>Dois trechos comp\u00f5em a linha de transmiss\u00e3o inaugurada neste s\u00e1bado, cuja entrada em opera\u00e7\u00e3o acontece cinco meses antes do previsto em contrato. Um partindo da LT Pirapora 2 (MG) at\u00e9 LT Jana\u00faba 3 (MG), com 238 quil\u00f4metros (km) de extens\u00e3o; e o segundo saindo de Jana\u00faba 3 (MG) at\u00e9 LT Bom Jesus da Lapa II (BA), com 304 km.<\/p>\n<p>O empreendimento \u2013 licitado pela Aneel no leil\u00e3o 013\/2015 em lote arrematado pela empresa Taesa (Transmissora Alian\u00e7a de Energia El\u00e9trica) \u2013 foi constru\u00eddo com investimentos de R$ 1 bilh\u00e3o.<\/p>\n<p>Fonte: Aneel<\/p>\n","protected":false},"excerpt":{"rendered":"<p>A Ag\u00eancia Nacional de Energia El\u00e9trica (Aneel), o Minist\u00e9rio de Minas e Energia (MME) e a Transmissora Alian\u00e7a de Energia El\u00e9trica (Taesa) inauguraram na manh\u00e3&#8230;<\/p>\n","protected":false},"author":1527,"featured_media":32749,"comment_status":"closed","ping_status":"closed","sticky":false,"template":"","format":"standard","meta":{"footnotes":""},"categories":[6],"tags":[],"class_list":["post-35724","post","type-post","status-publish","format-standard","has-post-thumbnail","hentry","category-noticias"],"_links":{"self":[{"href":"https:\/\/www.sincomam.org.br\/index.php\/wp-json\/wp\/v2\/posts\/35724","targetHints":{"allow":["GET"]}}],"collection":[{"href":"https:\/\/www.sincomam.org.br\/index.php\/wp-json\/wp\/v2\/posts"}],"about":[{"href":"https:\/\/www.sincomam.org.br\/index.php\/wp-json\/wp\/v2\/types\/post"}],"author":[{"embeddable":true,"href":"https:\/\/www.sincomam.org.br\/index.php\/wp-json\/wp\/v2\/users\/1527"}],"replies":[{"embeddable":true,"href":"https:\/\/www.sincomam.org.br\/index.php\/wp-json\/wp\/v2\/comments?post=35724"}],"version-history":[{"count":1,"href":"https:\/\/www.sincomam.org.br\/index.php\/wp-json\/wp\/v2\/posts\/35724\/revisions"}],"predecessor-version":[{"id":35725,"href":"https:\/\/www.sincomam.org.br\/index.php\/wp-json\/wp\/v2\/posts\/35724\/revisions\/35725"}],"wp:featuredmedia":[{"embeddable":true,"href":"https:\/\/www.sincomam.org.br\/index.php\/wp-json\/wp\/v2\/media\/32749"}],"wp:attachment":[{"href":"https:\/\/www.sincomam.org.br\/index.php\/wp-json\/wp\/v2\/media?parent=35724"}],"wp:term":[{"taxonomy":"category","embeddable":true,"href":"https:\/\/www.sincomam.org.br\/index.php\/wp-json\/wp\/v2\/categories?post=35724"},{"taxonomy":"post_tag","embeddable":true,"href":"https:\/\/www.sincomam.org.br\/index.php\/wp-json\/wp\/v2\/tags?post=35724"}],"curies":[{"name":"wp","href":"https:\/\/api.w.org\/{rel}","templated":true}]}}