{"id":35716,"date":"2021-09-10T11:03:02","date_gmt":"2021-09-10T14:03:02","guid":{"rendered":"http:\/\/www.sincomam.org.br\/?p=35716"},"modified":"2021-09-10T11:03:02","modified_gmt":"2021-09-10T14:03:02","slug":"presidente-diz-que-carta-teve-boa-repercussao-no-mercado-financeiro-e-que-temer-colaborou-com-a-nota","status":"publish","type":"post","link":"https:\/\/www.sincomam.org.br\/index.php\/presidente-diz-que-carta-teve-boa-repercussao-no-mercado-financeiro-e-que-temer-colaborou-com-a-nota\/","title":{"rendered":"Presidente diz que carta teve boa repercuss\u00e3o no mercado financeiro e que Temer colaborou com a nota"},"content":{"rendered":"<p>O presidente Jair Bolsonaro comemorou, durante sua live nesta quinta-feira (9), o fato de a \u201cDeclara\u00e7\u00e3o \u00e0 Na\u00e7\u00e3o\u201d que divulgou nesta tarde ter repercutido positivamente no mercado financeira, com a queda do d\u00f3lar frente ao real e a alta na Bolsa de Valores brasileira. Na carta, o presidente diz n\u00e3o ter tido a inten\u00e7\u00e3o de agredir outros Poderes da Rep\u00fablica e destacou que respeita a harmonia entre as institui\u00e7\u00f5es.<\/p>\n<p>&#8220;O que aconteceu de imediato [ap\u00f3s a publica\u00e7\u00e3o da carta]? Voc\u00ea quer a gasolina mais barata, n\u00e3o quer? \u00c1lcool, g\u00e1s? Isso tudo est\u00e1 indexado ao pre\u00e7o do d\u00f3lar&#8221;, comentou.<\/p>\n<p>Ap\u00f3s registrar alta de 2,89% no preg\u00e3o de quarta-feira (8), o d\u00f3lar fechou em queda de 1,86% nesta quinta-feira (9), terminando o dia cotado a R$ 5,227. J\u00e1 o Ibovespa, principal \u00edndice da Bolsa de Valores de S\u00e3o Paulo (B3), encerrou a sess\u00e3o em alta de 1,72%, aos 115.360,86 pontos, depois de cair 3,78% na quarta-feira (8).<\/p>\n<p><strong>Temer<br \/>\n<\/strong>Bolsonaro disse durante a live que recebeu a visita de seu antecessor no cargo, o ex-presidente Michel Temer, para discutir a crise pol\u00edtica. Segundo ele, Temer ajudou na elabora\u00e7\u00e3o da carta.<\/p>\n<p>&#8220;Eu telefonei ontem \u00e0 noite pro Michel Temer, falei com ele hoje de manh\u00e3 novamente, o ex-presidente da Rep\u00fablica. Ele veio a Bras\u00edlia, por dois momentos, conversou comigo aqui, pouco mais de uma hora. Ele colaborou com algumas coisas na nota, eu concordei e publicamos&#8221;, disse Bolsonaro.<\/p>\n<p>Ao comentar as cr\u00edticas de apoiadores pelo tom conciliat\u00f3rio da nota, Bolsonaro falou em dar o exemplo e ressaltou que \u00e9 preciso calma. &#8220;N\u00f3s temos que dar exemplo aqui em Bras\u00edlia. Por mais que eu ache que voc\u00ea est\u00e1 fazendo a coisa errada ou ele esteja fazendo a coisa errada, d\u00e1 um tempo, deixa acalmar um pouquinho&#8221;, disse. &#8220;N\u00e3o tem nada demais ali. O que eu dei ali, a resposta \u00e9 o seguinte: estou pronto para conversar&#8221;, acrescentou, sobre a carta.<\/p>\n<p>Fonte: Ag\u00eancia Brasil<\/p>\n","protected":false},"excerpt":{"rendered":"<p>O presidente Jair Bolsonaro comemorou, durante sua live nesta quinta-feira (9), o fato de a \u201cDeclara\u00e7\u00e3o \u00e0 Na\u00e7\u00e3o\u201d que divulgou nesta tarde ter repercutido positivamente&#8230;<\/p>\n","protected":false},"author":1527,"featured_media":35717,"comment_status":"closed","ping_status":"closed","sticky":false,"template":"","format":"standard","meta":{"footnotes":""},"categories":[6],"tags":[],"class_list":["post-35716","post","type-post","status-publish","format-standard","has-post-thumbnail","hentry","category-noticias"],"_links":{"self":[{"href":"https:\/\/www.sincomam.org.br\/index.php\/wp-json\/wp\/v2\/posts\/35716","targetHints":{"allow":["GET"]}}],"collection":[{"href":"https:\/\/www.sincomam.org.br\/index.php\/wp-json\/wp\/v2\/posts"}],"about":[{"href":"https:\/\/www.sincomam.org.br\/index.php\/wp-json\/wp\/v2\/types\/post"}],"author":[{"embeddable":true,"href":"https:\/\/www.sincomam.org.br\/index.php\/wp-json\/wp\/v2\/users\/1527"}],"replies":[{"embeddable":true,"href":"https:\/\/www.sincomam.org.br\/index.php\/wp-json\/wp\/v2\/comments?post=35716"}],"version-history":[{"count":1,"href":"https:\/\/www.sincomam.org.br\/index.php\/wp-json\/wp\/v2\/posts\/35716\/revisions"}],"predecessor-version":[{"id":35718,"href":"https:\/\/www.sincomam.org.br\/index.php\/wp-json\/wp\/v2\/posts\/35716\/revisions\/35718"}],"wp:featuredmedia":[{"embeddable":true,"href":"https:\/\/www.sincomam.org.br\/index.php\/wp-json\/wp\/v2\/media\/35717"}],"wp:attachment":[{"href":"https:\/\/www.sincomam.org.br\/index.php\/wp-json\/wp\/v2\/media?parent=35716"}],"wp:term":[{"taxonomy":"category","embeddable":true,"href":"https:\/\/www.sincomam.org.br\/index.php\/wp-json\/wp\/v2\/categories?post=35716"},{"taxonomy":"post_tag","embeddable":true,"href":"https:\/\/www.sincomam.org.br\/index.php\/wp-json\/wp\/v2\/tags?post=35716"}],"curies":[{"name":"wp","href":"https:\/\/api.w.org\/{rel}","templated":true}]}}