{"id":35714,"date":"2021-09-10T10:56:37","date_gmt":"2021-09-10T13:56:37","guid":{"rendered":"http:\/\/www.sincomam.org.br\/?p=35714"},"modified":"2021-09-10T10:56:37","modified_gmt":"2021-09-10T13:56:37","slug":"comercio-cresce-12-em-julho-e-atinge-patamar-recorde-segundo-dados-do-ibge","status":"publish","type":"post","link":"https:\/\/www.sincomam.org.br\/index.php\/comercio-cresce-12-em-julho-e-atinge-patamar-recorde-segundo-dados-do-ibge\/","title":{"rendered":"Com\u00e9rcio cresce 1,2% em julho e atinge patamar recorde, segundo dados do IBGE"},"content":{"rendered":"<p>O volume de vendas do com\u00e9rcio varejista brasileiro cresceu 1,2% em julho deste ano, na compara\u00e7\u00e3o com o m\u00eas anterior. Essa foi a quarta alta consecutiva do indicador, que atingiu patamar recorde da s\u00e9rie hist\u00f3rica da Pesquisa Mensal do Com\u00e9rcio (PMC), iniciada em 2000.<\/p>\n<p>O com\u00e9rcio tamb\u00e9m teve altas de 5,7% na compara\u00e7\u00e3o com julho de 2020; de 1,1% na m\u00e9dia m\u00f3vel trimestral; de 6,6% no acumulado do ano e de 5,9% no acumulado de 12 meses. Os dados foram divulgados hoje (10) pelo Instituto Brasileiro de Geografia e Estat\u00edstica (IBGE).<\/p>\n<p>A receita nominal tamb\u00e9m apresentou altas: de 2,2% na compara\u00e7\u00e3o com junho deste ano; de 1,5% na m\u00e9dia m\u00f3vel trimestral; de 19,7% em rela\u00e7\u00e3o a julho de 2020; de 18,6% no acumulado do ano e de 15,7% no acumulado de 12 meses.<\/p>\n<p><strong>Setores<br \/>\n<\/strong>A alta de 1,2% no volume de vendas foi puxada por cinco das oito atividades pesquisadas: outros artigos de uso pessoal e dom\u00e9stico (19,1%); tecidos, vestu\u00e1rio e cal\u00e7ados (2,8%); equipamentos e material para escrit\u00f3rio, inform\u00e1tica e comunica\u00e7\u00e3o (0,6%); supermercados, produtos aliment\u00edcios, bebidas e fumo (0,2%) e artigos farmac\u00eauticos, m\u00e9dicos, ortop\u00e9dicos, de perfumaria e cosm\u00e9ticos (0,1%).<\/p>\n<p>Por outro lado, tr\u00eas segmentos tiveram recuo no volume de vendas de junho para julho: livros, jornais, revistas e papelaria (-5,2%); M\u00f3veis e eletrodom\u00e9sticos (-1,4%) e combust\u00edveis e lubrificantes (-0,3%).<\/p>\n<p><strong>Varejo ampliado<br \/>\n<\/strong>No varejo ampliado, que tamb\u00e9m inclui materiais de constru\u00e7\u00e3o e ve\u00edculos, a alta de junho para julho foi de 1,1% no volume de vendas. O setor de ve\u00edculos, motos, partes e pe\u00e7as subiu 0,2% entre junho e julho, enquanto material de constru\u00e7\u00e3o recuou 2,3%.<\/p>\n<p>O varejo ampliado teve altas de 0,7% na m\u00e9dia m\u00f3vel trimestral; de 7,1% na compara\u00e7\u00e3o com julho de 2020; de 11,4% no acumulado do ano e de 8,4% no acumulado de 12 meses.<\/p>\n<p>Fonte: Ag\u00eancia Brasil<\/p>\n","protected":false},"excerpt":{"rendered":"<p>O volume de vendas do com\u00e9rcio varejista brasileiro cresceu 1,2% em julho deste ano, na compara\u00e7\u00e3o com o m\u00eas anterior. Essa foi a quarta alta&#8230;<\/p>\n","protected":false},"author":1527,"featured_media":17867,"comment_status":"closed","ping_status":"closed","sticky":false,"template":"","format":"standard","meta":{"footnotes":""},"categories":[6],"tags":[],"class_list":["post-35714","post","type-post","status-publish","format-standard","has-post-thumbnail","hentry","category-noticias"],"_links":{"self":[{"href":"https:\/\/www.sincomam.org.br\/index.php\/wp-json\/wp\/v2\/posts\/35714","targetHints":{"allow":["GET"]}}],"collection":[{"href":"https:\/\/www.sincomam.org.br\/index.php\/wp-json\/wp\/v2\/posts"}],"about":[{"href":"https:\/\/www.sincomam.org.br\/index.php\/wp-json\/wp\/v2\/types\/post"}],"author":[{"embeddable":true,"href":"https:\/\/www.sincomam.org.br\/index.php\/wp-json\/wp\/v2\/users\/1527"}],"replies":[{"embeddable":true,"href":"https:\/\/www.sincomam.org.br\/index.php\/wp-json\/wp\/v2\/comments?post=35714"}],"version-history":[{"count":1,"href":"https:\/\/www.sincomam.org.br\/index.php\/wp-json\/wp\/v2\/posts\/35714\/revisions"}],"predecessor-version":[{"id":35715,"href":"https:\/\/www.sincomam.org.br\/index.php\/wp-json\/wp\/v2\/posts\/35714\/revisions\/35715"}],"wp:featuredmedia":[{"embeddable":true,"href":"https:\/\/www.sincomam.org.br\/index.php\/wp-json\/wp\/v2\/media\/17867"}],"wp:attachment":[{"href":"https:\/\/www.sincomam.org.br\/index.php\/wp-json\/wp\/v2\/media?parent=35714"}],"wp:term":[{"taxonomy":"category","embeddable":true,"href":"https:\/\/www.sincomam.org.br\/index.php\/wp-json\/wp\/v2\/categories?post=35714"},{"taxonomy":"post_tag","embeddable":true,"href":"https:\/\/www.sincomam.org.br\/index.php\/wp-json\/wp\/v2\/tags?post=35714"}],"curies":[{"name":"wp","href":"https:\/\/api.w.org\/{rel}","templated":true}]}}