{"id":35697,"date":"2021-09-09T09:36:13","date_gmt":"2021-09-09T12:36:13","guid":{"rendered":"http:\/\/www.sincomam.org.br\/?p=35697"},"modified":"2021-09-09T09:36:13","modified_gmt":"2021-09-09T12:36:13","slug":"comissao-debate-lei-que-preve-indenizacao-a-profissionais-da-saude-vitimados-pela-covid-19","status":"publish","type":"post","link":"https:\/\/www.sincomam.org.br\/index.php\/comissao-debate-lei-que-preve-indenizacao-a-profissionais-da-saude-vitimados-pela-covid-19\/","title":{"rendered":"Comiss\u00e3o debate lei que prev\u00ea indeniza\u00e7\u00e3o a profissionais da sa\u00fade vitimados pela Covid-19"},"content":{"rendered":"<p>A Comiss\u00e3o de Seguridade Social e Fam\u00edlia da C\u00e2mara dos Deputados realiza audi\u00eancia p\u00fablica nesta quinta-feira (9), para discutir a indeniza\u00e7\u00e3o para profissionais de sa\u00fade incapacitados pela Covid-19. Deputados apontam entraves ao pagamento por falta de regulamenta\u00e7\u00e3o. O debate ser\u00e1 no plen\u00e1rio 7, \u00e0s 14 horas, e ter\u00e1 transmiss\u00e3o interativa pelo e-Democracia.<\/p>\n<p>A deputada Carmen Zanotto (Cidadania-SC), que pediu a audi\u00eancia, lembra que a Lei 14.128\/21 estabelece a compensa\u00e7\u00e3o financeira aos profissionais de sa\u00fade da linha de frente de combate \u00e0 Covid-19 em caso de invalidez permanente ou morte.<\/p>\n<p>&#8220;A indeniza\u00e7\u00e3o devida \u00e9 de R$ 50 mil para o trabalhador ou sua fam\u00edlia. No caso de falecimento, h\u00e1 ainda uma presta\u00e7\u00e3o vari\u00e1vel para dependentes menores de 21 anos \u2014 ou 24, caso estejam cursando faculdade. Neste caso, o valor \u00e9 calculado multiplicando-se R$ 10 mil pelo n\u00famero de anos que faltam para atingir a idade necess\u00e1ria&#8221;, explicou.<\/p>\n<p><strong>Sem or\u00e7amento<br \/>\n<\/strong>Entretanto, segundo a deputada, ap\u00f3s alguns meses da legisla\u00e7\u00e3o em vigor, chegam demandas da popula\u00e7\u00e3o quanto ao &#8220;entrave sobre a realiza\u00e7\u00e3o da compensa\u00e7\u00e3o financeira que deve ser concedida ap\u00f3s o requerimento, an\u00e1lise e deferimento do \u00f3rg\u00e3o competente a ser definido em regulamento que ainda n\u00e3o foi publicado&#8221;.<\/p>\n<p>&#8220;Segundo a lei, os recursos vir\u00e3o do Tesouro Nacional, mas ainda n\u00e3o h\u00e1 previs\u00e3o or\u00e7ament\u00e1ria para desembolso dos valores&#8221;, completou Carmen Zanotto.<\/p>\n<p><strong>Debatedores<br \/>\n<\/strong>Foram convidados para o debate, entre outros, representantes do Conselho Federal de Enfermagem, da Casa Civil da Presid\u00eancia da Rep\u00fablica, e do Conselho Federal de Medicina.<\/p>\n<p>Fonte: Ag\u00eancia C\u00e2mara de Not\u00edcias<\/p>\n","protected":false},"excerpt":{"rendered":"<p>A Comiss\u00e3o de Seguridade Social e Fam\u00edlia da C\u00e2mara dos Deputados realiza audi\u00eancia p\u00fablica nesta quinta-feira (9), para discutir a indeniza\u00e7\u00e3o para profissionais de sa\u00fade&#8230;<\/p>\n","protected":false},"author":1527,"featured_media":30047,"comment_status":"closed","ping_status":"closed","sticky":false,"template":"","format":"standard","meta":{"footnotes":""},"categories":[6],"tags":[],"class_list":["post-35697","post","type-post","status-publish","format-standard","has-post-thumbnail","hentry","category-noticias"],"_links":{"self":[{"href":"https:\/\/www.sincomam.org.br\/index.php\/wp-json\/wp\/v2\/posts\/35697","targetHints":{"allow":["GET"]}}],"collection":[{"href":"https:\/\/www.sincomam.org.br\/index.php\/wp-json\/wp\/v2\/posts"}],"about":[{"href":"https:\/\/www.sincomam.org.br\/index.php\/wp-json\/wp\/v2\/types\/post"}],"author":[{"embeddable":true,"href":"https:\/\/www.sincomam.org.br\/index.php\/wp-json\/wp\/v2\/users\/1527"}],"replies":[{"embeddable":true,"href":"https:\/\/www.sincomam.org.br\/index.php\/wp-json\/wp\/v2\/comments?post=35697"}],"version-history":[{"count":1,"href":"https:\/\/www.sincomam.org.br\/index.php\/wp-json\/wp\/v2\/posts\/35697\/revisions"}],"predecessor-version":[{"id":35698,"href":"https:\/\/www.sincomam.org.br\/index.php\/wp-json\/wp\/v2\/posts\/35697\/revisions\/35698"}],"wp:featuredmedia":[{"embeddable":true,"href":"https:\/\/www.sincomam.org.br\/index.php\/wp-json\/wp\/v2\/media\/30047"}],"wp:attachment":[{"href":"https:\/\/www.sincomam.org.br\/index.php\/wp-json\/wp\/v2\/media?parent=35697"}],"wp:term":[{"taxonomy":"category","embeddable":true,"href":"https:\/\/www.sincomam.org.br\/index.php\/wp-json\/wp\/v2\/categories?post=35697"},{"taxonomy":"post_tag","embeddable":true,"href":"https:\/\/www.sincomam.org.br\/index.php\/wp-json\/wp\/v2\/tags?post=35697"}],"curies":[{"name":"wp","href":"https:\/\/api.w.org\/{rel}","templated":true}]}}