{"id":35693,"date":"2021-09-09T09:32:46","date_gmt":"2021-09-09T12:32:46","guid":{"rendered":"http:\/\/www.sincomam.org.br\/?p=35693"},"modified":"2021-09-09T09:32:46","modified_gmt":"2021-09-09T12:32:46","slug":"antaq-prorroga-prazo-de-envio-de-contribuicoes-para-audiencias-publicas","status":"publish","type":"post","link":"https:\/\/www.sincomam.org.br\/index.php\/antaq-prorroga-prazo-de-envio-de-contribuicoes-para-audiencias-publicas\/","title":{"rendered":"Antaq prorroga prazo de envio de contribui\u00e7\u00f5es para audi\u00eancias p\u00fablicas"},"content":{"rendered":"<p>A Antaq prorrogou o prazo de envio de contribui\u00e7\u00f5es para audi\u00eancias p\u00fablicas que trata de consultas sobre espelho d &#8216;\u00e1gua localizado nas \u00e1reas dos portos organizados e cobran\u00e7a dos valores extrafrete e sobretaxas do transporte mar\u00edtimo. As prorroga\u00e7\u00f5es foram publicadas, nesta quarta-feira (8), no Di\u00e1rio Oficial da Uni\u00e3o.<\/p>\n<p>Foi prorrogado para 17 de setembro o prazo limite fixado para o recebimento de contribui\u00e7\u00f5es de que trata o Aviso de Audi\u00eancia P\u00fablica n\u00ba 17\/2021- Antaq, que tem por objeto a obten\u00e7\u00e3o de contribui\u00e7\u00f5es, subs\u00eddios e sugest\u00f5es para o aprimoramento do Tema 3.6 da Agenda Regulat\u00f3ria Bi\u00eanio 2020\/2021 &#8211; An\u00e1lise e diagn\u00f3stico da necessidade de regula\u00e7\u00e3o acerca da cobran\u00e7a, pela autoridade portu\u00e1ria, para o uso do &#8220;Espelho d &#8216;\u00e1gua&#8221; localizado nas \u00e1reas dos portos organizados. Haver\u00e1 uma audi\u00eancia p\u00fablica, no modelo virtual, no dia 16, com in\u00edcio \u00e0s 15h e t\u00e9rmino quando da manifesta\u00e7\u00e3o do \u00faltimo credenciado, sendo 18h o hor\u00e1rio limite para encerramento.<\/p>\n<p>Foi prorrogado tamb\u00e9m para 1\u00ba de outubro o prazo limite fixado para o recebimento de contribui\u00e7\u00f5es de que trata o Aviso de Audi\u00eancia P\u00fablica n\u00ba 16\/2021- Antaq, que tem por objeto a obten\u00e7\u00e3o contribui\u00e7\u00f5es, subs\u00eddios e sugest\u00f5es para o aprimoramento do Tema 2.3 da Agenda Regulat\u00f3ria Bi\u00eanio 2020\/2021 &#8211; Aprimorar a transpar\u00eancia na cobran\u00e7a dos valores extrafrete e sobretaxas do transporte mar\u00edtimo.<\/p>\n<p><strong>Tomada de Subs\u00eddio<br \/>\n<\/strong>A Antaq reabriu, pelo per\u00edodo de 9 a 18 de setembro, o prazo para recebimento de contribui\u00e7\u00f5es para os itens 3.1 &#8211; Regulamentar as inova\u00e7\u00f5es trazidas pela Lei 14.047\/2020 e 3.10 &#8211; Contrato de passagem: assimetrias entre agentes, de que trata o Aviso de Tomada de Subs\u00eddio n\u00ba 01\/2021-ANTAQ.<\/p>\n<p>Saiba mais em gov.br\/antaq e clique no box \u201cParticipa\u00e7\u00e3o Social\u201d.<\/p>\n<p>Fonte: Antaq<\/p>\n","protected":false},"excerpt":{"rendered":"<p>A Antaq prorrogou o prazo de envio de contribui\u00e7\u00f5es para audi\u00eancias p\u00fablicas que trata de consultas sobre espelho d &#8216;\u00e1gua localizado nas \u00e1reas dos portos&#8230;<\/p>\n","protected":false},"author":1527,"featured_media":20206,"comment_status":"closed","ping_status":"closed","sticky":false,"template":"","format":"standard","meta":{"footnotes":""},"categories":[6],"tags":[],"class_list":["post-35693","post","type-post","status-publish","format-standard","has-post-thumbnail","hentry","category-noticias"],"_links":{"self":[{"href":"https:\/\/www.sincomam.org.br\/index.php\/wp-json\/wp\/v2\/posts\/35693","targetHints":{"allow":["GET"]}}],"collection":[{"href":"https:\/\/www.sincomam.org.br\/index.php\/wp-json\/wp\/v2\/posts"}],"about":[{"href":"https:\/\/www.sincomam.org.br\/index.php\/wp-json\/wp\/v2\/types\/post"}],"author":[{"embeddable":true,"href":"https:\/\/www.sincomam.org.br\/index.php\/wp-json\/wp\/v2\/users\/1527"}],"replies":[{"embeddable":true,"href":"https:\/\/www.sincomam.org.br\/index.php\/wp-json\/wp\/v2\/comments?post=35693"}],"version-history":[{"count":1,"href":"https:\/\/www.sincomam.org.br\/index.php\/wp-json\/wp\/v2\/posts\/35693\/revisions"}],"predecessor-version":[{"id":35694,"href":"https:\/\/www.sincomam.org.br\/index.php\/wp-json\/wp\/v2\/posts\/35693\/revisions\/35694"}],"wp:featuredmedia":[{"embeddable":true,"href":"https:\/\/www.sincomam.org.br\/index.php\/wp-json\/wp\/v2\/media\/20206"}],"wp:attachment":[{"href":"https:\/\/www.sincomam.org.br\/index.php\/wp-json\/wp\/v2\/media?parent=35693"}],"wp:term":[{"taxonomy":"category","embeddable":true,"href":"https:\/\/www.sincomam.org.br\/index.php\/wp-json\/wp\/v2\/categories?post=35693"},{"taxonomy":"post_tag","embeddable":true,"href":"https:\/\/www.sincomam.org.br\/index.php\/wp-json\/wp\/v2\/tags?post=35693"}],"curies":[{"name":"wp","href":"https:\/\/api.w.org\/{rel}","templated":true}]}}