{"id":35675,"date":"2021-09-08T09:53:57","date_gmt":"2021-09-08T12:53:57","guid":{"rendered":"http:\/\/www.sincomam.org.br\/?p=35675"},"modified":"2021-09-08T09:53:57","modified_gmt":"2021-09-08T12:53:57","slug":"igp-di-registra-queda-de-precos-de-014-em-agosto-diz-fgv","status":"publish","type":"post","link":"https:\/\/www.sincomam.org.br\/index.php\/igp-di-registra-queda-de-precos-de-014-em-agosto-diz-fgv\/","title":{"rendered":"IGP-DI registra queda de pre\u00e7os de 0,14% em agosto, diz FGV"},"content":{"rendered":"<p>O \u00cdndice Geral de Pre\u00e7os \u2013 Disponibilidade Interna (IGP-DI), medido pela Funda\u00e7\u00e3o Get\u00falio Vargas (FGV), registrou defla\u00e7\u00e3o (queda de pre\u00e7os) de 0,14% em agosto deste ano. No m\u00eas anterior, o indicador havia registrado infla\u00e7\u00e3o de 1,45%. J\u00e1 em agosto de 2020, a taxa havia sido de 3,87%. Com o resultado de agosto deste ano, o IGP-DI acumula taxas de infla\u00e7\u00e3o de 15,75% no ano e de 28,21% em 12 meses.<\/p>\n<p>A queda da taxa de julho para agosto foi puxada principalmente pelos pre\u00e7os no atacado. O \u00cdndice de Pre\u00e7os ao Produtor Amplo (IPA) teve defla\u00e7\u00e3o de 0,42% em agosto, ante uma infla\u00e7\u00e3o de 1,65% em julho.<\/p>\n<p>O \u00cdndice de Pre\u00e7os ao Consumidor (IPC), que mede o varejo, e o \u00cdndice Nacional de Custo da Constru\u00e7\u00e3o (INCC) tamb\u00e9m tiveram queda na taxa, mas continuaram registrando infla\u00e7\u00e3o.<\/p>\n<p>O IPC recuou de 0,92% em julho para 0,71% em agosto. J\u00e1 o INCC caiu de 0,85% para 0,46% no per\u00edodo.<\/p>\n<p>Fonte: Ag\u00eancia Brasil<\/p>\n","protected":false},"excerpt":{"rendered":"<p>O \u00cdndice Geral de Pre\u00e7os \u2013 Disponibilidade Interna (IGP-DI), medido pela Funda\u00e7\u00e3o Get\u00falio Vargas (FGV), registrou defla\u00e7\u00e3o (queda de pre\u00e7os) de 0,14% em agosto deste&#8230;<\/p>\n","protected":false},"author":1527,"featured_media":3655,"comment_status":"closed","ping_status":"closed","sticky":false,"template":"","format":"standard","meta":{"footnotes":""},"categories":[6],"tags":[],"class_list":["post-35675","post","type-post","status-publish","format-standard","has-post-thumbnail","hentry","category-noticias"],"_links":{"self":[{"href":"https:\/\/www.sincomam.org.br\/index.php\/wp-json\/wp\/v2\/posts\/35675","targetHints":{"allow":["GET"]}}],"collection":[{"href":"https:\/\/www.sincomam.org.br\/index.php\/wp-json\/wp\/v2\/posts"}],"about":[{"href":"https:\/\/www.sincomam.org.br\/index.php\/wp-json\/wp\/v2\/types\/post"}],"author":[{"embeddable":true,"href":"https:\/\/www.sincomam.org.br\/index.php\/wp-json\/wp\/v2\/users\/1527"}],"replies":[{"embeddable":true,"href":"https:\/\/www.sincomam.org.br\/index.php\/wp-json\/wp\/v2\/comments?post=35675"}],"version-history":[{"count":1,"href":"https:\/\/www.sincomam.org.br\/index.php\/wp-json\/wp\/v2\/posts\/35675\/revisions"}],"predecessor-version":[{"id":35676,"href":"https:\/\/www.sincomam.org.br\/index.php\/wp-json\/wp\/v2\/posts\/35675\/revisions\/35676"}],"wp:featuredmedia":[{"embeddable":true,"href":"https:\/\/www.sincomam.org.br\/index.php\/wp-json\/wp\/v2\/media\/3655"}],"wp:attachment":[{"href":"https:\/\/www.sincomam.org.br\/index.php\/wp-json\/wp\/v2\/media?parent=35675"}],"wp:term":[{"taxonomy":"category","embeddable":true,"href":"https:\/\/www.sincomam.org.br\/index.php\/wp-json\/wp\/v2\/categories?post=35675"},{"taxonomy":"post_tag","embeddable":true,"href":"https:\/\/www.sincomam.org.br\/index.php\/wp-json\/wp\/v2\/tags?post=35675"}],"curies":[{"name":"wp","href":"https:\/\/api.w.org\/{rel}","templated":true}]}}