{"id":35670,"date":"2021-09-08T09:50:54","date_gmt":"2021-09-08T12:50:54","guid":{"rendered":"http:\/\/www.sincomam.org.br\/?p=35670"},"modified":"2021-09-08T09:50:54","modified_gmt":"2021-09-08T12:50:54","slug":"parlamentares-da-comissao-de-fiscalizacao-discute-reajuste-na-conta-de-energia-eletrica","status":"publish","type":"post","link":"https:\/\/www.sincomam.org.br\/index.php\/parlamentares-da-comissao-de-fiscalizacao-discute-reajuste-na-conta-de-energia-eletrica\/","title":{"rendered":"Parlamentares da Comiss\u00e3o de Fiscaliza\u00e7\u00e3o discute reajuste na conta de energia el\u00e9trica"},"content":{"rendered":"<p>A Comiss\u00e3o de Fiscaliza\u00e7\u00e3o Financeira e Controle da C\u00e2mara dos Deputados realiza audi\u00eancia p\u00fablica nesta quarta-feira (8) para discutir o reajuste de energia el\u00e9trica. O debate ser\u00e1 realizado \u00e0s 10 horas, no plen\u00e1rio 11.<\/p>\n<p>O deputado L\u00e9o de Brito (PT-AC), que prop\u00f4s a realiza\u00e7\u00e3o da audi\u00eancia, afirma que, em meio \u00e0 maior crise sanit\u00e1ria de sua hist\u00f3ria, a popula\u00e7\u00e3o brasileira subitamente toma conhecimento de uma nova amea\u00e7a \u2013 o risco de racionamento de energia el\u00e9trica.\u00a0&#8220;A nova crise de apag\u00e3o \u00e9 revelada pelo governo federal na forma de &#8216;alertas&#8217;, que aparentam anteceder medidas extremas de suspen\u00e7\u00e3o do fornecimento de energia&#8221;, disse.<\/p>\n<p><strong>Racionamento<br \/>\n<\/strong>Para o deputado, as autoridades do setor se dizem surpreendidas pela gravidade da situa\u00e7\u00e3o e apontam quadros de escassez h\u00eddrica como as respons\u00e1veis pelo colapso que se avizinha. &#8220;No entanto, at\u00e9 poucos meses atr\u00e1s, o governo federal afirmava que o sistema el\u00e9trico brasileiro estava preparado para enfrentar qualquer crise \u2013 e, no entanto, admite agora que a possibilidade de racionamento e de falta de energia \u00e9 real&#8221;, observou L\u00e9o de Brito para justificar a audi\u00eancia p\u00fablica.<\/p>\n<p><strong>Debatedores<br \/>\n<\/strong>Confirmaram presen\u00e7a na audi\u00eancia:<br \/>\n&#8211; o secret\u00e1rio adjunto de Energia El\u00e9trica do Minist\u00e9rio de Minas e Energia, Domingos Andreatta;<br \/>\n&#8211; o superintendente de Fiscaliza\u00e7\u00e3o dos Servi\u00e7os de Gera\u00e7\u00e3o, da Ag\u00eancia Nacional de Energia El\u00e9trica (Aneel), Gentil Nogueira de S\u00e1 J\u00fanior;<br \/>\n&#8211; o representante do Coletivo Nacional dos Eletricit\u00e1rios, Ikaro Chaves;<br \/>\n&#8211; o coordenador do programa de energia do Instituto de Defesa do Consumidor (Idec), Clauber Leite;<br \/>\n&#8211; o professor de Planejamento Energ\u00e9tico da Universidade Federal do Rio de Janeiro (UFRJ), Luiz Pinguelli Rosa; e<br \/>\n&#8211; o professor da Escola de Engenharia da UFRJ Maur\u00edcio Tolmasquim.<\/p>\n<p>Fonte: Ag\u00eancia C\u00e2mara de Not\u00edcias<\/p>\n","protected":false},"excerpt":{"rendered":"<p>A Comiss\u00e3o de Fiscaliza\u00e7\u00e3o Financeira e Controle da C\u00e2mara dos Deputados realiza audi\u00eancia p\u00fablica nesta quarta-feira (8) para discutir o reajuste de energia el\u00e9trica. O&#8230;<\/p>\n","protected":false},"author":1527,"featured_media":17940,"comment_status":"closed","ping_status":"closed","sticky":false,"template":"","format":"standard","meta":{"footnotes":""},"categories":[6],"tags":[],"class_list":["post-35670","post","type-post","status-publish","format-standard","has-post-thumbnail","hentry","category-noticias"],"_links":{"self":[{"href":"https:\/\/www.sincomam.org.br\/index.php\/wp-json\/wp\/v2\/posts\/35670","targetHints":{"allow":["GET"]}}],"collection":[{"href":"https:\/\/www.sincomam.org.br\/index.php\/wp-json\/wp\/v2\/posts"}],"about":[{"href":"https:\/\/www.sincomam.org.br\/index.php\/wp-json\/wp\/v2\/types\/post"}],"author":[{"embeddable":true,"href":"https:\/\/www.sincomam.org.br\/index.php\/wp-json\/wp\/v2\/users\/1527"}],"replies":[{"embeddable":true,"href":"https:\/\/www.sincomam.org.br\/index.php\/wp-json\/wp\/v2\/comments?post=35670"}],"version-history":[{"count":1,"href":"https:\/\/www.sincomam.org.br\/index.php\/wp-json\/wp\/v2\/posts\/35670\/revisions"}],"predecessor-version":[{"id":35671,"href":"https:\/\/www.sincomam.org.br\/index.php\/wp-json\/wp\/v2\/posts\/35670\/revisions\/35671"}],"wp:featuredmedia":[{"embeddable":true,"href":"https:\/\/www.sincomam.org.br\/index.php\/wp-json\/wp\/v2\/media\/17940"}],"wp:attachment":[{"href":"https:\/\/www.sincomam.org.br\/index.php\/wp-json\/wp\/v2\/media?parent=35670"}],"wp:term":[{"taxonomy":"category","embeddable":true,"href":"https:\/\/www.sincomam.org.br\/index.php\/wp-json\/wp\/v2\/categories?post=35670"},{"taxonomy":"post_tag","embeddable":true,"href":"https:\/\/www.sincomam.org.br\/index.php\/wp-json\/wp\/v2\/tags?post=35670"}],"curies":[{"name":"wp","href":"https:\/\/api.w.org\/{rel}","templated":true}]}}