{"id":35668,"date":"2021-09-08T09:49:22","date_gmt":"2021-09-08T12:49:22","guid":{"rendered":"http:\/\/www.sincomam.org.br\/?p=35668"},"modified":"2021-09-08T09:49:22","modified_gmt":"2021-09-08T12:49:22","slug":"senadores-repercutem-discursos-de-bolsonaro-no-dia-da-independencia-em-brasilia-e-em-sao-paulo","status":"publish","type":"post","link":"https:\/\/www.sincomam.org.br\/index.php\/senadores-repercutem-discursos-de-bolsonaro-no-dia-da-independencia-em-brasilia-e-em-sao-paulo\/","title":{"rendered":"Senadores repercutem discursos de Bolsonaro no Dia da Independ\u00eancia, em Bras\u00edlia e em S\u00e3o Paulo"},"content":{"rendered":"<p>A participa\u00e7\u00e3o do presidente da Rep\u00fablica, Jair Bolsonaro, em manifesta\u00e7\u00f5es pol\u00edticas, em Bras\u00edlia e em S\u00e3o Paulo, nesta ter\u00e7a-feira (7), nas comemora\u00e7\u00f5es do Dia da Independ\u00eancia, gerou opini\u00f5es divergentes entre os senadores. Os coment\u00e1rios variaram do apoio ao governo at\u00e9 o pedido de impeachment.<\/p>\n<p>Em dois discursos, pela manh\u00e3 na Esplanada dos Minist\u00e9rios, na capital federal, e \u00e0 tarde na Avenida Paulista, o presidente voltou a questionar a confiabilidade das elei\u00e7\u00f5es em urnas eletr\u00f4nicas e afirmou que n\u00e3o vai obedecer determina\u00e7\u00f5es judiciais do ministro do STF Alexandre de Moraes.<\/p>\n<p>A defesa do impeachment de Bolsonaro foi feita pelo l\u00edder da Minoria, senador Jean Paul Prates (PT-RN) e pelo senador Alessandro Vieira (Cidadania-SE).\u00a0Vieira apresentou a justificativa para o impeachment em postagem no Twitter.<\/p>\n<p>&#8220;A lei 1079 define os crimes de responsabilidade do Presidente da Rep\u00fablica. No seu art 4\u00ba, VIII, fala exatamente do n\u00e3o cumprimento de decis\u00f5es judiciais. A pena \u00e9 perda do cargo (impeachment) e dos direitos pol\u00edticos por at\u00e9 5 anos. Voc\u00eas avisam o [presidente da C\u00e2mara, Arthur] Lira, por favor?&#8221;, publicou.<\/p>\n<p>O l\u00edder da minoria foi mais incisivo: &#8220;Nem morto, nem preso&#8230; derrotado! S\u00f3 restam duas alternativas para Bolsonaro depois do dia de hoje: ren\u00fancia ou impeachment!&#8221;, declarou.<\/p>\n<p>A senadora Eliziane Gama (Cidadania-MA) defendeu \u201cpuni\u00e7\u00e3o exemplar\u201d para quem n\u00e3o obedece a Constitui\u00e7\u00e3o.<\/p>\n<p>&#8220;Quando um presidente se recusa a obedecer uma decis\u00e3o judicial \u00e9 porque n\u00e3o obedece mais a Constitui\u00e7\u00e3o Federal, \u00e9 porque j\u00e1 se transformou num ditador. E quem n\u00e3o cumpre a lei, deve ser exemplarmente punido.&#8221;<\/p>\n<p>Tamb\u00e9m pelo Twitter, o senador Fl\u00e1vio Bolsonaro (Patriotas-RJ) reagiu \u00e0s acusa\u00e7\u00f5es contra o presidente. &#8220;A\u00a0mensagem foi clara e n\u00e3o tem absolutamente nada a ver com ataque a STF ou Congresso, muito pelo contr\u00e1rio. Que o pedido de Jair Bolsonaro por respeito \u00e0 Constitui\u00e7\u00e3o ecoe nos tr\u00eas Poderes. Que os dez do STF possam resolver internamente o \u00fanico desestabilizador da democracia no momento&#8221;.<\/p>\n<p><strong>Amea\u00e7as<br \/>\n<\/strong>O l\u00edder do PT, senador Paulo Rocha (PA), disse que Bolsonaro &#8220;promoveu ataques \u00e0s institui\u00e7\u00f5es democr\u00e1ticas em seu discurso na Avenida Paulista, em ato que defende um golpe de estado no pa\u00eds.\u201d &#8220;Que fique claro: vai ficar s\u00f3 na amea\u00e7a. Mas, senhor presidente, ser cassado por amea\u00e7ar um Poder da Rep\u00fablica \u00e9 real.&#8221;<\/p>\n<p>Ainda pelo Twitter, o l\u00edder do Podemos, senador \u00c1lvaro Dias (PR), afirmou que \u201cBolsonaro faz amea\u00e7a golpista a STF em ato com milhares em Bras\u00edlia\u201d. Ele disse, ainda, que Bolsonaro &#8220;em discurso na Av. Paulista avisa que n\u00e3o respeitar\u00e1 mais decis\u00f5es do Supremo Tribunal Federal. E a prega\u00e7\u00e3o da anarquia!&#8221;<\/p>\n<p>Os senadores Renan Calheiros (MDB-AL) e Simone Tebet (MDB-MS) postaram o mesmo v\u00eddeo com trecho do discurso de Ulysses Guimar\u00e3es em que ele fala sobre o \u201c\u00f3dio e nojo \u00e0 ditadura e que traidor da Constitui\u00e7\u00e3o \u00e9 traidor da p\u00e1tria\u201d.<\/p>\n<p>Para a l\u00edder da Bancada Feminina, \u201co grito de hoje do presidente da Rep\u00fablica, recheado de insinua\u00e7\u00f5es, amea\u00e7as e a\u00e7\u00f5es constantes contra a ordem democr\u00e1tica e as liberdades p\u00fablicas\u201d tem uma resposta: &#8220;O Congresso Nacional est\u00e1 vigilante para conter qualquer tentativa de retrocesso&#8221;.<\/p>\n<p><strong>Popula\u00e7\u00e3o insatisfeita<br \/>\n<\/strong>Em defesa das manifesta\u00e7\u00f5es, Fl\u00e1vio Bolsonaro afirmou que o n\u00famero de manifestantes mostra a insatisfa\u00e7\u00e3o da popula\u00e7\u00e3o com a\u00e7\u00f5es, segundo ele, antidemocr\u00e1ticas, de um \u00fanico ministro do Supremo Tribunal Federal, sem citar o nome do magistrado. &#8220;Quem insiste na narrativa cretina de \u201catos antidemocr\u00e1ticos\u201d ou que milh\u00f5es de brasileiros est\u00e3o nas ruas hoje apenas por causa de Jair Bolsonaro\u00a0vive em outra dimens\u00e3o. Se recusam a perceber a insatisfa\u00e7\u00e3o da popula\u00e7\u00e3o ante atos antidemocr\u00e1ticos de um \u00fanico Ministro do STF&#8221;, afirmou.<\/p>\n<p>J\u00e1 Marcos Rog\u00e9rio, l\u00edder do Democratas, divulgou nas redes trecho do sobrevoo que fez no helic\u00f3ptero do presidente Bolsonaro pela Esplanada dos Minist\u00e9rios, em Bras\u00edlia, durante a manifesta\u00e7\u00e3o. &#8220;Este 7 de setembro entrou pra hist\u00f3ria! Tivemos um dia de manifesta\u00e7\u00f5es pac\u00edficas e leg\u00edtimas a favor de um governo. Retrato bem diferente de tempos passados. \u00c9 democracia fortalecida!&#8221;, defendeu, refor\u00e7ando que as manifesta\u00e7\u00f5es foram espont\u00e2neas e que a popula\u00e7\u00e3o foi \u00e0s ruas defender as pautas que elegeram nas urnas. &#8220;O Judici\u00e1rio n\u00e3o pode se sobrepor ao Legislativo e ao Executivo&#8221;, completou.<\/p>\n<p>Os senadores Marcio Bittar (MDB-AC), Jorginho Mello (PL-SC) e Soraya Thronicke (PSL-MS) tamb\u00e9m participaram das manifesta\u00e7\u00f5es de apoio ao presidente Bolsonaro em Bras\u00edlia. Para Bittar, foi uma \u201cfesta da democracia&#8221;. &#8220;As fam\u00edlias foram \u00e0s ruas, no Brasil inteiro, para pedir pela liberdade, saudar seu presidente, reafirmar sua vontade!\u201d, tuitou o senador.<\/p>\n<p>Soraya citou versos do hino da Independ\u00eancia:\u00a0&#8220;Brava gente brasileira! Longe v\u00e1 temor servil Ou ficar a P\u00e1tria livre Ou morrer pelo Brasil.&#8221;<\/p>\n<p>O senador Eduardo Gir\u00e3o (Podemos-CE) ressaltou que \u00e9 necess\u00e1rio refletir sobre o impacto da mobiliza\u00e7\u00e3o popular. &#8220;Participei em Bras\u00edlia do gigante ato neste 7 de setembro, no qual milhares clamaram por liberdade. Agora, \u00e9 preciso refletir sobre o impacto das manifesta\u00e7\u00f5es. Amanh\u00e3 cedo tratarei no Senado de a\u00e7\u00f5es que atendam aos leg\u00edtimos anseios do povo, pelo bem da democracia.&#8221;<\/p>\n<p><strong>Financiamento<br \/>\n<\/strong>A suspeita de que as manifesta\u00e7\u00f5es foram financiadas foi levantada por alguns dos senadores. Humberto Costa (PT-PE), que disse estar oficializando ao ministro Alexandre de Moraes para que investigue o financiamento dos atos.\u00a0&#8220;Precisamos saber quem est\u00e1 pagando essa conta e com que dinheiro&#8221;, cobrou.\u00a0Eliziane refor\u00e7ou a acusa\u00e7\u00e3o: &#8220;numa manifesta\u00e7\u00e3o golpista, com faixas em ingl\u00eas e claramente financiada, o presidente se mostra contra a Constitui\u00e7\u00e3o e a democracia que o elegeu&#8221;.<\/p>\n<p>Para a senadora Leila Barros (Cidadania-DF), a crise\u00a0pol\u00edtico-institucional se agravou neste 7 de Setembro. &#8220;Lamentavelmente, o presidente da Rep\u00fablica tem abdicado de procurar solu\u00e7\u00f5es para os problemas do pa\u00eds e ele pr\u00f3prio passou a ser um gerador de problemas e turbul\u00eancias.\u00a0Hoje, em pronunciamentos p\u00fablicos em Bras\u00edlia e em S\u00e3o Paulo, ele voltou a se comportar de forma antidemocr\u00e1tica e incendi\u00e1ria.\u00a0Enquanto o presidente utiliza o dinheiro p\u00fablico e a estrutura do governo federal para atacar institui\u00e7\u00f5es e fazer campanha pol\u00edtica indevida, a crise sanit\u00e1ria persiste, a infla\u00e7\u00e3o dispara, o poder aquisitivo das fam\u00edlias desmancha, o desemprego continua provocando sofrimento&#8221;, lamentou.<\/p>\n<p><strong>Uni\u00e3o pelo Brasil<br \/>\n<\/strong>Pela manh\u00e3, antes dos discursos de Bolsonaro, o presidente do Senado, Rodrigo Pacheco, se manifestou pedindo uni\u00e3o em torno da defesa da democracia. &#8220;Ao tempo em que se celebra o Dia da Independ\u00eancia, express\u00e3o forte da liberdade nacional, n\u00e3o deixemos de compreender a nossa mais evidente depend\u00eancia de algo que deve unir o Brasil: a absoluta defesa do Estado Democr\u00e1tico de Direito.&#8221;<\/p>\n<p>As celebra\u00e7\u00f5es pelo Dia da Independ\u00eancia n\u00e3o tiveram o tradicional desfile militar na Esplanada dos Minist\u00e9rios. Em tempos de pandemia de covid-19, a data foi comemorada com uma cerim\u00f4nia de hasteamento da bandeira nacional no Pal\u00e1cio da Alvorada na manh\u00e3 desta ter\u00e7a-feira com a presen\u00e7a do presidente Jair Bolsonaro. Participaram da cerim\u00f4nia, al\u00e9m dos ministros e do vice-presidente, Hamilton Mour\u00e3o, os senadores Fernando Collor (PROS-AL) e Fl\u00e1vio Bolsonaro (Patriotas-RJ).<\/p>\n<p><strong>Conselho da Rep\u00fablica<br \/>\n<\/strong>Durante o discurso na Esplanada dos Minist\u00e9rios, em Bras\u00edlia, Bolsonaro anunciou que pretendia se reunir com o Conselho da Rep\u00fablica, nesta quarta-feira (8), mas a agenda n\u00e3o foi confirmada pelo Planalto. Dirigido pelo presidente da Rep\u00fablica, esse Conselho \u00e9 composto pelo vice-presidente da Rep\u00fablica, os presidentes da C\u00e2mara e do Senado, os l\u00edderes da maioria e da minoria na C\u00e2mara e no Senado, o ministro da Justi\u00e7a e seis cidad\u00e3os brasileiros maiores de 35 anos de idade. Foi criado em 1990 para deliberar sobre interven\u00e7\u00e3o federal, estado de defesa, estado de s\u00edtio e quest\u00f5es relevantes para a estabilidade das institui\u00e7\u00f5es democr\u00e1ticas.<\/p>\n<p>Randolfe Rodrigues (Rede-AP) disse que j\u00e1 conversou com os l\u00edderes partid\u00e1rios para que os dois indicados pelo Senado ao Conselho da Rep\u00fablica sejam ele e o senador Omar Aziz (PSD-AM). &#8220;Adianto ao Presidente que j\u00e1 estamos prontos para tomar seu depoimento. O Senhor quer estar na condi\u00e7\u00e3o de testemunha ou investigado Jair Bolsonaro? Estamos ansiosos!&#8221;<\/p>\n<p>O primeiro vice-presidente do Senado, Veneziano Vital do R\u00eago (MDB-PB) criticou tamb\u00e9m a convoca\u00e7\u00e3o do Conselho. &#8220;Um desgoverno, incompetente por excel\u00eancia, precisa estar gerando instabilidades sempre. Os homens e mulheres consequentes devem continuar trabalhando e reagindo aos autocratas. \u00c9 hora de saber quem \u00e9 democrata!&#8221;<\/p>\n<p>Cr\u00edticas tamb\u00e9m proferidas pelo senador Fabiano Contarato (Rede-ES). &#8220;A convoca\u00e7\u00e3o do Conselho da Rep\u00fablica \u00e9 uma tentativa de dar sobrevida ao carnaval golpista do 7 de setembro: mais cortina de fuma\u00e7a pra amea\u00e7ar os Poderes e manter a claque mobilizada! Bolsonaro ladra, mas n\u00e3o morde. N\u00e3o temeremos e n\u00e3o haver\u00e1 aval do Congresso!&#8221;<\/p>\n<p>Fonte: Ag\u00eancia Senado<\/p>\n","protected":false},"excerpt":{"rendered":"<p>A participa\u00e7\u00e3o do presidente da Rep\u00fablica, Jair Bolsonaro, em manifesta\u00e7\u00f5es pol\u00edticas, em Bras\u00edlia e em S\u00e3o Paulo, nesta ter\u00e7a-feira (7), nas comemora\u00e7\u00f5es do Dia da&#8230;<\/p>\n","protected":false},"author":1527,"featured_media":30360,"comment_status":"closed","ping_status":"closed","sticky":false,"template":"","format":"standard","meta":{"footnotes":""},"categories":[6],"tags":[],"class_list":["post-35668","post","type-post","status-publish","format-standard","has-post-thumbnail","hentry","category-noticias"],"_links":{"self":[{"href":"https:\/\/www.sincomam.org.br\/index.php\/wp-json\/wp\/v2\/posts\/35668","targetHints":{"allow":["GET"]}}],"collection":[{"href":"https:\/\/www.sincomam.org.br\/index.php\/wp-json\/wp\/v2\/posts"}],"about":[{"href":"https:\/\/www.sincomam.org.br\/index.php\/wp-json\/wp\/v2\/types\/post"}],"author":[{"embeddable":true,"href":"https:\/\/www.sincomam.org.br\/index.php\/wp-json\/wp\/v2\/users\/1527"}],"replies":[{"embeddable":true,"href":"https:\/\/www.sincomam.org.br\/index.php\/wp-json\/wp\/v2\/comments?post=35668"}],"version-history":[{"count":1,"href":"https:\/\/www.sincomam.org.br\/index.php\/wp-json\/wp\/v2\/posts\/35668\/revisions"}],"predecessor-version":[{"id":35669,"href":"https:\/\/www.sincomam.org.br\/index.php\/wp-json\/wp\/v2\/posts\/35668\/revisions\/35669"}],"wp:featuredmedia":[{"embeddable":true,"href":"https:\/\/www.sincomam.org.br\/index.php\/wp-json\/wp\/v2\/media\/30360"}],"wp:attachment":[{"href":"https:\/\/www.sincomam.org.br\/index.php\/wp-json\/wp\/v2\/media?parent=35668"}],"wp:term":[{"taxonomy":"category","embeddable":true,"href":"https:\/\/www.sincomam.org.br\/index.php\/wp-json\/wp\/v2\/categories?post=35668"},{"taxonomy":"post_tag","embeddable":true,"href":"https:\/\/www.sincomam.org.br\/index.php\/wp-json\/wp\/v2\/tags?post=35668"}],"curies":[{"name":"wp","href":"https:\/\/api.w.org\/{rel}","templated":true}]}}