{"id":35660,"date":"2021-09-06T10:27:49","date_gmt":"2021-09-06T13:27:49","guid":{"rendered":"http:\/\/www.sincomam.org.br\/?p=35660"},"modified":"2021-09-06T10:27:49","modified_gmt":"2021-09-06T13:27:49","slug":"geracao-de-energia-agosto-obteve-a-maior-expansao-de-2021-e-usinas-solares-chegam-a-21-da-matriz-eletrica","status":"publish","type":"post","link":"https:\/\/www.sincomam.org.br\/index.php\/geracao-de-energia-agosto-obteve-a-maior-expansao-de-2021-e-usinas-solares-chegam-a-21-da-matriz-eletrica\/","title":{"rendered":"Gera\u00e7\u00e3o de energia: agosto obteve a maior expans\u00e3o de 2021 e usinas solares chegam a 2,1% da matriz el\u00e9trica"},"content":{"rendered":"<p>Boas not\u00edcias nesses tempos de escassez h\u00eddrica: o m\u00eas de agosto teve um pico de usinas geradoras liberadas pela Ag\u00eancia Nacional de Energia El\u00e9trica (Aneel) para opera\u00e7\u00e3o comercial, com acr\u00e9scimo de 795,98 megawatts (MW) de pot\u00eancia instalada. Trata-se do maior quantitativo em 2021, at\u00e9 o momento, um pico de entrada em gera\u00e7\u00e3o que n\u00e3o se via desde o in\u00edcio da opera\u00e7\u00e3o da usina termel\u00e9trica Porto de Sergipe I, em Barra dos Coqueiros\/SE, com capacidade de gera\u00e7\u00e3o de 1.551 MW, em mar\u00e7o de 2020 (naquele m\u00eas, a expans\u00e3o na matriz energ\u00e9tica foi de 1.605,93 MW).<\/p>\n<p>Desses quase 800 MW de pot\u00eancia acrescida em agosto, cerca de 80% foram provenientes de fontes e\u00f3lica, h\u00eddrica e solar, e 282,635 MW se referem a usinas e\u00f3licas entregues antes do estabelecido no cronograma da outorga. Com as libera\u00e7\u00f5es desse m\u00eas, as usinas solares fotovoltaicas alcan\u00e7aram a marca de 2,10% do total da capacidade de opera\u00e7\u00e3o, com 3.730 MW confirmados pela fiscaliza\u00e7\u00e3o da Aneel.<\/p>\n<p>Com esse salto, o Brasil chegou em 31\/8 a uma expans\u00e3o de 3.081,51 MW no ano, sendo 2016,01 MW (65%) provenientes de fonte e\u00f3lica, 560,44 MW (18%) de usinas termel\u00e9tricas, 419,33 MW (14%) de usinas solares fotovoltaicas e 85,73 MW (3%) de fonte hidr\u00e1ulica (pequenas centrais hidrel\u00e9tricas e centrais geradoras hidrel\u00e9tricas).<\/p>\n<p>Novas usinas foram inauguradas em 17 estados das cinco regi\u00f5es do pa\u00eds. Os estados com maior acr\u00e9scimo na capacidade de gera\u00e7\u00e3o este ano foram, at\u00e9 o momento: Rio Grande do Norte (815,13 MW), Bahia (794,69 MW), Piau\u00ed (299,10 MW) e Mato Grosso do Sul (252,12 MW).<\/p>\n<p>Do montante de pot\u00eancia instalada que entrou em opera\u00e7\u00e3o comercial em agosto, cerca de 60% n\u00e3o est\u00e3o relacionados a contratos de comercializa\u00e7\u00e3o regulada (ACR).<\/p>\n<p><strong>Capacidade instalada<br \/>\n<\/strong>O Brasil soma 177.415,5 MW de pot\u00eancia fiscalizada, de acordo com dados do Sistema de Informa\u00e7\u00f5es de Gera\u00e7\u00e3o da Aneel, o Siga, atualizado diariamente com dados de usinas em opera\u00e7\u00e3o e de empreendimentos outorgados em fase de constru\u00e7\u00e3o. Desse total em opera\u00e7\u00e3o, 75,08% das usinas s\u00e3o impulsionadas por fontes consideradas sustent\u00e1veis, com baixa emiss\u00e3o de gases do efeito estufa.<\/p>\n<p>Outras informa\u00e7\u00f5es sobre o acompanhamento da expans\u00e3o da oferta de gera\u00e7\u00e3o est\u00e3o dispon\u00edveis em pain\u00e9is interativos em bit.ly\/3D8k6Ql. Esses pain\u00e9is, atualizados mensalmente, mostram a previs\u00e3o para a entrada de novas unidades geradoras para os pr\u00f3ximos anos. Eles trazem ainda um hist\u00f3rico da expans\u00e3o da gera\u00e7\u00e3o desde a cria\u00e7\u00e3o da Aneel (1997).\u00a0 Al\u00e9m dos pain\u00e9is, tamb\u00e9m est\u00e1 dispon\u00edvel a base de dados com informa\u00e7\u00f5es de previs\u00e3o e acompanhamento de obras dos empreendimentos outorgados para constru\u00e7\u00e3o.<\/p>\n<p>Fonte: Aneel<\/p>\n","protected":false},"excerpt":{"rendered":"<p>Boas not\u00edcias nesses tempos de escassez h\u00eddrica: o m\u00eas de agosto teve um pico de usinas geradoras liberadas pela Ag\u00eancia Nacional de Energia El\u00e9trica (Aneel)&#8230;<\/p>\n","protected":false},"author":1527,"featured_media":4649,"comment_status":"closed","ping_status":"closed","sticky":false,"template":"","format":"standard","meta":{"footnotes":""},"categories":[6],"tags":[],"class_list":["post-35660","post","type-post","status-publish","format-standard","has-post-thumbnail","hentry","category-noticias"],"_links":{"self":[{"href":"https:\/\/www.sincomam.org.br\/index.php\/wp-json\/wp\/v2\/posts\/35660","targetHints":{"allow":["GET"]}}],"collection":[{"href":"https:\/\/www.sincomam.org.br\/index.php\/wp-json\/wp\/v2\/posts"}],"about":[{"href":"https:\/\/www.sincomam.org.br\/index.php\/wp-json\/wp\/v2\/types\/post"}],"author":[{"embeddable":true,"href":"https:\/\/www.sincomam.org.br\/index.php\/wp-json\/wp\/v2\/users\/1527"}],"replies":[{"embeddable":true,"href":"https:\/\/www.sincomam.org.br\/index.php\/wp-json\/wp\/v2\/comments?post=35660"}],"version-history":[{"count":1,"href":"https:\/\/www.sincomam.org.br\/index.php\/wp-json\/wp\/v2\/posts\/35660\/revisions"}],"predecessor-version":[{"id":35661,"href":"https:\/\/www.sincomam.org.br\/index.php\/wp-json\/wp\/v2\/posts\/35660\/revisions\/35661"}],"wp:featuredmedia":[{"embeddable":true,"href":"https:\/\/www.sincomam.org.br\/index.php\/wp-json\/wp\/v2\/media\/4649"}],"wp:attachment":[{"href":"https:\/\/www.sincomam.org.br\/index.php\/wp-json\/wp\/v2\/media?parent=35660"}],"wp:term":[{"taxonomy":"category","embeddable":true,"href":"https:\/\/www.sincomam.org.br\/index.php\/wp-json\/wp\/v2\/categories?post=35660"},{"taxonomy":"post_tag","embeddable":true,"href":"https:\/\/www.sincomam.org.br\/index.php\/wp-json\/wp\/v2\/tags?post=35660"}],"curies":[{"name":"wp","href":"https:\/\/api.w.org\/{rel}","templated":true}]}}