{"id":35654,"date":"2021-09-06T10:21:08","date_gmt":"2021-09-06T13:21:08","guid":{"rendered":"http:\/\/www.sincomam.org.br\/?p=35654"},"modified":"2021-09-06T10:21:08","modified_gmt":"2021-09-06T13:21:08","slug":"antaq-registra-alta-de-844-na-movimentacao-portuaria-do-periodo-janeiro-julho-2021","status":"publish","type":"post","link":"https:\/\/www.sincomam.org.br\/index.php\/antaq-registra-alta-de-844-na-movimentacao-portuaria-do-periodo-janeiro-julho-2021\/","title":{"rendered":"Antaq registra alta de 8,44% na movimenta\u00e7\u00e3o portu\u00e1ria do per\u00edodo janeiro-julho\/2021"},"content":{"rendered":"<p>O Painel Estat\u00edstico Aquavi\u00e1rio, da Ag\u00eancia Nacional de Transportes Aquavi\u00e1rios (Antaq), indica que foram movimentados pelas instala\u00e7\u00f5es portu\u00e1rias do pa\u00eds (portos p\u00fablicos e portos privados) 697,2 milh\u00f5es de toneladas de cargas nos sete primeiros meses deste ano.<\/p>\n<p>Segundo o Painel Estat\u00edstico Aquavi\u00e1rio da Ag\u00eancia, no per\u00edodo de janeiro a julho de 2021 foram movimentados pelas instala\u00e7\u00f5es portu\u00e1rias brasileiras mais 54,2 milh\u00f5es de toneladas do que em igual per\u00edodo do ano passado. Os n\u00fameros apontam crescimento na opera\u00e7\u00e3o de todos os tipos de cargas em rela\u00e7\u00e3o a 2020: gran\u00e9is s\u00f3lidos (+5,13%); gran\u00e9is l\u00edquidos (+12,06%); conteinerizada (+15,31%); e carga geral (+16,56%).<\/p>\n<p>Min\u00e9rio de ferro, com 205 milh\u00f5es de toneladas, seguido de petr\u00f3leo e derivados, soja, cont\u00eaineres e adubos (fertilizantes) foram as cargas mais movimentadas. Entre os portos que mais operaram carga no per\u00edodo, destaque para o Terminal Mar\u00edtimo de Ponta da Madeira, com 97,8 milh\u00f5es de toneladas movimentadas, e Santos, que operou 68,7 milh\u00f5es e toneladas de cargas no per\u00edodo.<\/p>\n<p><strong>Julho<br \/>\n<\/strong>Especificamente em julho, a Antaq registrou alta de 1,36% na movimenta\u00e7\u00e3o dos portos p\u00fablicos e privados do pa\u00eds na compara\u00e7\u00e3o com igual m\u00eas do ano passado. Neste julho, foram movimentados 103,3 milh\u00f5es de toneladas, totalizando mais 1,4 milh\u00e3o de toneladas do que em julho de 2020.<\/p>\n<p>As cargas de gran\u00e9is l\u00edquidos (+ 13,58%), conteinerizada (+6,36%) e carga geral (+3,53%) apresentaram crescimento em rela\u00e7\u00e3o a igual m\u00eas do ano passado. S\u00f3 gran\u00e9is s\u00f3lidos registraram queda na compara\u00e7\u00e3o com julho de 2020 (-4,00%).<\/p>\n<p>Os principais portos em movimenta\u00e7\u00e3o no m\u00eas de julho foram: Terminal Mar\u00edtimo Ponta da Madeira, que movimentou 14,4 milh\u00f5es de toneladas; Santos (9,4 milh\u00f5es de toneladas); Terminal de Tubar\u00e3o (6,7 milh\u00f5es de toneladas); Terminal Aquavi\u00e1rio de Angra dos Reis (5,9 milh\u00f5es de toneladas): e Paranagu\u00e1 (5,2 milh\u00f5es de toneladas).<\/p>\n<p>J\u00e1 as principais mercadorias movimentadas foram: min\u00e9rio de ferro, com 33,1 milh\u00f5es de toneladas movimentadas; petr\u00f3leo e derivados (23,1 milh\u00f5es de toneladas); cont\u00eaineres (10,3 milh\u00f5es de toneladas); soja e milho, com respectivamente 7,8 e 5,0 milh\u00f5es de toneladas.<\/p>\n<p>Considerando o transporte de cargas por tipo de navega\u00e7\u00e3o, houve crescimento no longo curso (+3,22%) e na cabotagem (+3,83%) em rela\u00e7\u00e3o a julho de 2020. O transporte de cont\u00eainer na cabotagem cresceu 18,81%. J\u00e1 o transporte de cargas em vias interiores caiu 29,01%.<\/p>\n<p>Os dados do Painel Estat\u00edstico Aquavi\u00e1rio s\u00e3o produzidos pela Antaq com base em informa\u00e7\u00f5es dos portos organizados e terminais autorizados. Para acessar a \u00edntegra do Painel, clique no link: <a href=\"http:\/\/anuario.antaq.gov.br\/QvAJAXZfc\/opendoc.htm?document=painel%5Cantaq%20-%20anu%C3%A1rio%202014%20-%20v0.9.3.qvw&amp;lang=pt-BR&amp;host=QVS%40graneleiro&amp;anonymous=true\">http:\/\/anuario.antaq.gov.br\/QvAJAXZfc\/opendoc.htm?document=painel%5Cantaq%20-%20anu%C3%A1rio%202014%20-%20v0.9.3.qvw&amp;lang=pt-BR&amp;host=QVS%40graneleiro&amp;anonymous=true<\/a><\/p>\n<p>Fonte: Antaq<\/p>\n","protected":false},"excerpt":{"rendered":"<p>O Painel Estat\u00edstico Aquavi\u00e1rio, da Ag\u00eancia Nacional de Transportes Aquavi\u00e1rios (Antaq), indica que foram movimentados pelas instala\u00e7\u00f5es portu\u00e1rias do pa\u00eds (portos p\u00fablicos e portos privados)&#8230;<\/p>\n","protected":false},"author":1527,"featured_media":32886,"comment_status":"closed","ping_status":"closed","sticky":false,"template":"","format":"standard","meta":{"footnotes":""},"categories":[6],"tags":[],"class_list":["post-35654","post","type-post","status-publish","format-standard","has-post-thumbnail","hentry","category-noticias"],"_links":{"self":[{"href":"https:\/\/www.sincomam.org.br\/index.php\/wp-json\/wp\/v2\/posts\/35654","targetHints":{"allow":["GET"]}}],"collection":[{"href":"https:\/\/www.sincomam.org.br\/index.php\/wp-json\/wp\/v2\/posts"}],"about":[{"href":"https:\/\/www.sincomam.org.br\/index.php\/wp-json\/wp\/v2\/types\/post"}],"author":[{"embeddable":true,"href":"https:\/\/www.sincomam.org.br\/index.php\/wp-json\/wp\/v2\/users\/1527"}],"replies":[{"embeddable":true,"href":"https:\/\/www.sincomam.org.br\/index.php\/wp-json\/wp\/v2\/comments?post=35654"}],"version-history":[{"count":1,"href":"https:\/\/www.sincomam.org.br\/index.php\/wp-json\/wp\/v2\/posts\/35654\/revisions"}],"predecessor-version":[{"id":35655,"href":"https:\/\/www.sincomam.org.br\/index.php\/wp-json\/wp\/v2\/posts\/35654\/revisions\/35655"}],"wp:featuredmedia":[{"embeddable":true,"href":"https:\/\/www.sincomam.org.br\/index.php\/wp-json\/wp\/v2\/media\/32886"}],"wp:attachment":[{"href":"https:\/\/www.sincomam.org.br\/index.php\/wp-json\/wp\/v2\/media?parent=35654"}],"wp:term":[{"taxonomy":"category","embeddable":true,"href":"https:\/\/www.sincomam.org.br\/index.php\/wp-json\/wp\/v2\/categories?post=35654"},{"taxonomy":"post_tag","embeddable":true,"href":"https:\/\/www.sincomam.org.br\/index.php\/wp-json\/wp\/v2\/tags?post=35654"}],"curies":[{"name":"wp","href":"https:\/\/api.w.org\/{rel}","templated":true}]}}