{"id":35650,"date":"2021-09-03T10:50:13","date_gmt":"2021-09-03T13:50:13","guid":{"rendered":"http:\/\/www.sincomam.org.br\/?p=35650"},"modified":"2021-09-03T14:03:17","modified_gmt":"2021-09-03T17:03:17","slug":"shell-deixara-sua-iconica-sede-em-aberdeen-para-as-operacoes-no-mar-do-norte-depois-de-quase-meio-seculo","status":"publish","type":"post","link":"https:\/\/www.sincomam.org.br\/index.php\/shell-deixara-sua-iconica-sede-em-aberdeen-para-as-operacoes-no-mar-do-norte-depois-de-quase-meio-seculo\/","title":{"rendered":"Shell deixar\u00e1 sua ic\u00f4nica sede em Aberdeen para as opera\u00e7\u00f5es no Mar do Norte depois de quase meio s\u00e9culo."},"content":{"rendered":"<p>A gigante da energia est\u00e1 sediada no edif\u00edcio Tullos desde 1973, mas anunciou que se mudar\u00e1 para o centro da cidade. A Shell disse que as novas instala\u00e7\u00f5es a ajudariam a &#8220;revigorar os neg\u00f3cios para a transi\u00e7\u00e3o energ\u00e9tica&#8221;.<\/p>\n<p>A nova base ser\u00e1 no edif\u00edcio Silver Fin na Union Street. O momento da mudan\u00e7a ainda n\u00e3o foi confirmado, portanto, o futuro da sede da Tullos estar\u00e1 sujeito a uma decis\u00e3o futura.<\/p>\n<p>A Shell disse que as novas instala\u00e7\u00f5es proporcionar\u00e3o aos funcion\u00e1rios um local de trabalho moderno, al\u00e9m de contribuir para a regenera\u00e7\u00e3o do centro da cidade de Aberdeen.<\/p>\n<p>Simon Roddy, vice-presidente s\u00eanior de produ\u00e7\u00e3o do Reino Unido para a Shell UK, disse: &#8220;Esta \u00e9 uma \u00f3tima not\u00edcia para nossa equipe e para o nosso futuro como uma pe\u00e7a-chave na transi\u00e7\u00e3o energ\u00e9tica do Mar do Norte\u201d. A l\u00edder do conselho, Jenny Laing, disse que o an\u00fancio da Shell &#8220;sinaliza para outras empresas e investidores sua confian\u00e7a em Aberdeen e no centro da cidade&#8221;.<\/p>\n<p>O primeiro escrit\u00f3rio da Shell foi inaugurado em Union Street em 1965, antes de se mudar para a unidade de Tullos perto de Wellington Road, e 2018 marcou 50 anos de produ\u00e7\u00e3o no Mar do Norte.<\/p>\n<p>Em janeiro, a gigante do petr\u00f3leo anunciou que cortaria 330 empregos em suas opera\u00e7\u00f5es no Mar do Norte. A empresa disse que a maioria dos cargos ficava em seu escrit\u00f3rio em Aberdeen e seriam perdidos nos pr\u00f3ximos dois anos. Isso deixou a Shell com uma for\u00e7a de trabalho de cerca de 1.000 pessoas em Aberdeen.<\/p>\n<p>Fonte: BBC News<\/p>\n","protected":false},"excerpt":{"rendered":"<p>A gigante da energia est\u00e1 sediada no edif\u00edcio Tullos desde 1973, mas anunciou que se mudar\u00e1 para o centro da cidade. A Shell disse que&#8230;<\/p>\n","protected":false},"author":1527,"featured_media":8031,"comment_status":"closed","ping_status":"closed","sticky":false,"template":"","format":"standard","meta":{"footnotes":""},"categories":[6],"tags":[],"class_list":["post-35650","post","type-post","status-publish","format-standard","has-post-thumbnail","hentry","category-noticias"],"_links":{"self":[{"href":"https:\/\/www.sincomam.org.br\/index.php\/wp-json\/wp\/v2\/posts\/35650","targetHints":{"allow":["GET"]}}],"collection":[{"href":"https:\/\/www.sincomam.org.br\/index.php\/wp-json\/wp\/v2\/posts"}],"about":[{"href":"https:\/\/www.sincomam.org.br\/index.php\/wp-json\/wp\/v2\/types\/post"}],"author":[{"embeddable":true,"href":"https:\/\/www.sincomam.org.br\/index.php\/wp-json\/wp\/v2\/users\/1527"}],"replies":[{"embeddable":true,"href":"https:\/\/www.sincomam.org.br\/index.php\/wp-json\/wp\/v2\/comments?post=35650"}],"version-history":[{"count":1,"href":"https:\/\/www.sincomam.org.br\/index.php\/wp-json\/wp\/v2\/posts\/35650\/revisions"}],"predecessor-version":[{"id":35651,"href":"https:\/\/www.sincomam.org.br\/index.php\/wp-json\/wp\/v2\/posts\/35650\/revisions\/35651"}],"wp:featuredmedia":[{"embeddable":true,"href":"https:\/\/www.sincomam.org.br\/index.php\/wp-json\/wp\/v2\/media\/8031"}],"wp:attachment":[{"href":"https:\/\/www.sincomam.org.br\/index.php\/wp-json\/wp\/v2\/media?parent=35650"}],"wp:term":[{"taxonomy":"category","embeddable":true,"href":"https:\/\/www.sincomam.org.br\/index.php\/wp-json\/wp\/v2\/categories?post=35650"},{"taxonomy":"post_tag","embeddable":true,"href":"https:\/\/www.sincomam.org.br\/index.php\/wp-json\/wp\/v2\/tags?post=35650"}],"curies":[{"name":"wp","href":"https:\/\/api.w.org\/{rel}","templated":true}]}}