{"id":35648,"date":"2021-09-03T10:48:43","date_gmt":"2021-09-03T13:48:43","guid":{"rendered":"http:\/\/www.sincomam.org.br\/?p=35648"},"modified":"2021-09-03T14:03:34","modified_gmt":"2021-09-03T17:03:34","slug":"governo-edita-medida-que-estabelece-adiamento-de-impostos-ate-dezembro-para-distribuidoras-de-energia","status":"publish","type":"post","link":"https:\/\/www.sincomam.org.br\/index.php\/governo-edita-medida-que-estabelece-adiamento-de-impostos-ate-dezembro-para-distribuidoras-de-energia\/","title":{"rendered":"Governo edita medida que estabelece adiamento de impostos at\u00e9 dezembro para distribuidoras de energia"},"content":{"rendered":"<p>Uma medida provis\u00f3ria editada pelo presidente Jair Bolsonaro nesta quinta-feira (2) estabelece o adiamento dos prazos para que as empresas distribuidoras de energia el\u00e9trica paguem tributos federais. A prorroga\u00e7\u00e3o vale para o pagamento da Contribui\u00e7\u00e3o para o PIS\/PASEP, da Contribui\u00e7\u00e3o para o Financiamento da Seguridade Social (Cofins) e das contribui\u00e7\u00f5es previdenci\u00e1rias referente \u00e0s compet\u00eancias de agosto, setembro e outubro de 2021, que passam a ser recolhidas apenas em dezembro deste ano.<\/p>\n<p>&#8220;A medida \u00e9 justificada em raz\u00e3o da longa estiagem vivenciada pelo pa\u00eds, registrando, inclusive, a pior s\u00e9rie hidrol\u00f3gica dos \u00faltimos 91 anos. A estiagem pressionou as distribuidoras de energia el\u00e9trica com o aumento do custo da gera\u00e7\u00e3o de energia el\u00e9trica, com o acionamento de termel\u00e9tricas e a importa\u00e7\u00e3o de outros pa\u00edses, com a finalidade de atender a demanda interna&#8221;, informou a Presid\u00eancia da Rep\u00fablica, em nota.<\/p>\n<p>Segundo o governo, a proposta n\u00e3o implica em ren\u00fancia de receitas para a Uni\u00e3o, por se tratar de uma prorroga\u00e7\u00e3o, e com pagamento previsto ainda dentro do exerc\u00edcio financeiro de 2021.<\/p>\n<p>Fonte: Ag\u00eancia Brasil<\/p>\n","protected":false},"excerpt":{"rendered":"<p>Uma medida provis\u00f3ria editada pelo presidente Jair Bolsonaro nesta quinta-feira (2) estabelece o adiamento dos prazos para que as empresas distribuidoras de energia el\u00e9trica paguem&#8230;<\/p>\n","protected":false},"author":1527,"featured_media":3538,"comment_status":"closed","ping_status":"closed","sticky":false,"template":"","format":"standard","meta":{"footnotes":""},"categories":[6],"tags":[],"class_list":["post-35648","post","type-post","status-publish","format-standard","has-post-thumbnail","hentry","category-noticias"],"_links":{"self":[{"href":"https:\/\/www.sincomam.org.br\/index.php\/wp-json\/wp\/v2\/posts\/35648","targetHints":{"allow":["GET"]}}],"collection":[{"href":"https:\/\/www.sincomam.org.br\/index.php\/wp-json\/wp\/v2\/posts"}],"about":[{"href":"https:\/\/www.sincomam.org.br\/index.php\/wp-json\/wp\/v2\/types\/post"}],"author":[{"embeddable":true,"href":"https:\/\/www.sincomam.org.br\/index.php\/wp-json\/wp\/v2\/users\/1527"}],"replies":[{"embeddable":true,"href":"https:\/\/www.sincomam.org.br\/index.php\/wp-json\/wp\/v2\/comments?post=35648"}],"version-history":[{"count":1,"href":"https:\/\/www.sincomam.org.br\/index.php\/wp-json\/wp\/v2\/posts\/35648\/revisions"}],"predecessor-version":[{"id":35649,"href":"https:\/\/www.sincomam.org.br\/index.php\/wp-json\/wp\/v2\/posts\/35648\/revisions\/35649"}],"wp:featuredmedia":[{"embeddable":true,"href":"https:\/\/www.sincomam.org.br\/index.php\/wp-json\/wp\/v2\/media\/3538"}],"wp:attachment":[{"href":"https:\/\/www.sincomam.org.br\/index.php\/wp-json\/wp\/v2\/media?parent=35648"}],"wp:term":[{"taxonomy":"category","embeddable":true,"href":"https:\/\/www.sincomam.org.br\/index.php\/wp-json\/wp\/v2\/categories?post=35648"},{"taxonomy":"post_tag","embeddable":true,"href":"https:\/\/www.sincomam.org.br\/index.php\/wp-json\/wp\/v2\/tags?post=35648"}],"curies":[{"name":"wp","href":"https:\/\/api.w.org\/{rel}","templated":true}]}}