{"id":35642,"date":"2021-09-03T10:35:27","date_gmt":"2021-09-03T13:35:27","guid":{"rendered":"http:\/\/www.sincomam.org.br\/?p=35642"},"modified":"2021-09-03T14:18:24","modified_gmt":"2021-09-03T17:18:24","slug":"7-de-setembro-presidente-do-stf-adverte-que-liberdade-de-expressao-nao-comporta-violencias-e-ameacas","status":"publish","type":"post","link":"https:\/\/www.sincomam.org.br\/index.php\/7-de-setembro-presidente-do-stf-adverte-que-liberdade-de-expressao-nao-comporta-violencias-e-ameacas\/","title":{"rendered":"7 de setembro: presidente do STF adverte que liberdade de express\u00e3o n\u00e3o comporta viol\u00eancias e amea\u00e7as"},"content":{"rendered":"<p>O presidente do Supremo Tribunal Federal (STF), ministro Luiz Fux, disse nesta quinta-feira (2), durante a abertura da sess\u00e3o plen\u00e1ria, que a Corte estar\u00e1 atenta e vigilante durante as manifesta\u00e7\u00f5es programadas para o feriado de celebra\u00e7\u00e3o da Independ\u00eancia do Brasil. O pronunciamento, segundo ele, \u00e9 a palavra do STF de respeito \u00e0 democracia nacional, \u201cna qualidade de institui\u00e7\u00e3o centen\u00e1ria e patrim\u00f4nio do povo brasileiro\u201d.<\/p>\n<p>O ministro manifestou sua confian\u00e7a de que os cidad\u00e3os agir\u00e3o com senso de responsabilidade c\u00edvica, respeito institucional e consci\u00eancia das consequ\u00eancias jur\u00eddicas de seus atos, independentemente de suas posi\u00e7\u00f5es pol\u00edtico-ideol\u00f3gicas. Mas advertiu que, no ambiente democr\u00e1tico, manifesta\u00e7\u00f5es p\u00fablicas devem ser pac\u00edficas. \u201cA liberdade de express\u00e3o n\u00e3o comporta viol\u00eancias e amea\u00e7as\u201d, afirmou.<\/p>\n<p><strong>Maturidade institucional<br \/>\n<\/strong>Fux lembrou que a forma\u00e7\u00e3o hist\u00f3rica do Brasil, como povo e como na\u00e7\u00e3o, \u00e9 permeada por esfor\u00e7o, suor e lutas dos que doaram suas vidas em prol da constru\u00e7\u00e3o do pa\u00eds e que a declara\u00e7\u00e3o de independ\u00eancia n\u00e3o foi um grito solit\u00e1rio, mas resultado de sucessivos atos de coragem. \u201cQuase dois s\u00e9culos depois, ap\u00f3s um percurso pol\u00edtico que deu ao pa\u00eds maturidade institucional, o Brasil \u00e9 hoje uma das maiores democracias do mundo\u201d, ressaltou.<\/p>\n<p><strong>Sa\u00fade democr\u00e1tica<br \/>\n<\/strong>O ministro ponderou que nenhum povo constr\u00f3i sua identidade sem dissenso e nenhuma na\u00e7\u00e3o alcan\u00e7a a prosperidade sem debates sobre o desempenho dos seus governos e de suas institui\u00e7\u00f5es, mas ressaltou que as cr\u00edticas devem ser construtivas. \u201c\u00c9 por isso que a postura ativa e ordeira da popula\u00e7\u00e3o em defesa de pautas sociais, pol\u00edticas e ideol\u00f3gicas \u00e9 louv\u00e1vel, porquanto sin\u00f4nimo de sa\u00fade democr\u00e1tica e de engajamento c\u00edvico\u201d, enfatizou.<\/p>\n<p><strong>Defesa das liberdades<br \/>\n<\/strong>Para o presidente do STF, nossa democracia, na qualidade de patrim\u00f4nio coletivo, desperta o senso de responsabilidade de todos os brasileiros, que devem reafirm\u00e1-la em todos os momentos da vida. Fux lembrou que, h\u00e1 mais de 30 anos, o povo brasileiro manifestou seu desejo pela democracia e n\u00e3o aceitar\u00e1 retrocessos. Nesse sentido, o STF tem sido um ferrenho defensor das liberdades p\u00fablicas, com decis\u00f5es que garantiram a realiza\u00e7\u00e3o de diversas manifesta\u00e7\u00f5es p\u00fablicas em momentos hist\u00f3ricos e declararam a nulidade de decis\u00f5es da Justi\u00e7a que impediam a livre manifesta\u00e7\u00e3o pol\u00edtico-eleitoral em universidades p\u00fablicas, por exemplo.<\/p>\n<p>Fonte: STF<\/p>\n","protected":false},"excerpt":{"rendered":"<p>O presidente do Supremo Tribunal Federal (STF), ministro Luiz Fux, disse nesta quinta-feira (2), durante a abertura da sess\u00e3o plen\u00e1ria, que a Corte estar\u00e1 atenta&#8230;<\/p>\n","protected":false},"author":1527,"featured_media":17874,"comment_status":"closed","ping_status":"closed","sticky":false,"template":"","format":"standard","meta":{"footnotes":""},"categories":[6],"tags":[],"class_list":["post-35642","post","type-post","status-publish","format-standard","has-post-thumbnail","hentry","category-noticias"],"_links":{"self":[{"href":"https:\/\/www.sincomam.org.br\/index.php\/wp-json\/wp\/v2\/posts\/35642","targetHints":{"allow":["GET"]}}],"collection":[{"href":"https:\/\/www.sincomam.org.br\/index.php\/wp-json\/wp\/v2\/posts"}],"about":[{"href":"https:\/\/www.sincomam.org.br\/index.php\/wp-json\/wp\/v2\/types\/post"}],"author":[{"embeddable":true,"href":"https:\/\/www.sincomam.org.br\/index.php\/wp-json\/wp\/v2\/users\/1527"}],"replies":[{"embeddable":true,"href":"https:\/\/www.sincomam.org.br\/index.php\/wp-json\/wp\/v2\/comments?post=35642"}],"version-history":[{"count":1,"href":"https:\/\/www.sincomam.org.br\/index.php\/wp-json\/wp\/v2\/posts\/35642\/revisions"}],"predecessor-version":[{"id":35643,"href":"https:\/\/www.sincomam.org.br\/index.php\/wp-json\/wp\/v2\/posts\/35642\/revisions\/35643"}],"wp:featuredmedia":[{"embeddable":true,"href":"https:\/\/www.sincomam.org.br\/index.php\/wp-json\/wp\/v2\/media\/17874"}],"wp:attachment":[{"href":"https:\/\/www.sincomam.org.br\/index.php\/wp-json\/wp\/v2\/media?parent=35642"}],"wp:term":[{"taxonomy":"category","embeddable":true,"href":"https:\/\/www.sincomam.org.br\/index.php\/wp-json\/wp\/v2\/categories?post=35642"},{"taxonomy":"post_tag","embeddable":true,"href":"https:\/\/www.sincomam.org.br\/index.php\/wp-json\/wp\/v2\/tags?post=35642"}],"curies":[{"name":"wp","href":"https:\/\/api.w.org\/{rel}","templated":true}]}}