{"id":35628,"date":"2021-09-02T10:18:46","date_gmt":"2021-09-02T13:18:46","guid":{"rendered":"http:\/\/www.sincomam.org.br\/?p=35628"},"modified":"2021-09-02T11:25:52","modified_gmt":"2021-09-02T14:25:52","slug":"presidente-do-banco-central-diz-que-brasil-precisa-de-credibilidade-para-retomar-crescimento","status":"publish","type":"post","link":"https:\/\/www.sincomam.org.br\/index.php\/presidente-do-banco-central-diz-que-brasil-precisa-de-credibilidade-para-retomar-crescimento\/","title":{"rendered":"Presidente do Banco Central diz que Brasil precisa de credibilidade para retomar crescimento"},"content":{"rendered":"<p>O presidente do Banco Central, Roberto Campos Neto, disse nesta quarta-feira (1\u00b0), em audi\u00eancia p\u00fablica na C\u00e2mara dos Deputados, que o Brasil depende de recursos privados para retomar o crescimento econ\u00f4mico e, para isso, precisa construir credibilidade junto aos agentes de mercado.<\/p>\n<p>Campos Neto foi ouvido na Comiss\u00e3o de Finan\u00e7as e Tributa\u00e7\u00e3o, onde tratou do cen\u00e1rio econ\u00f4mico. \u201cO governo n\u00e3o tem recursos para fazer essa sa\u00edda [da situa\u00e7\u00e3o atual] com recursos p\u00fablicos. Ent\u00e3o precisa gerar credibilidade para fazer com recursos privados\u201d, afirmou. \u201cE credibilidade \u00e9 uma coisa que demora muito para ganhar e se perde muito r\u00e1pido\u201d, disse Campos Neto.<\/p>\n<p>Nesta quarta, o IBGE divulgou o desempenho da economia no segundo trimestre de 2021, que ficou praticamente est\u00e1vel, com varia\u00e7\u00e3o negativa de 0,1% em rela\u00e7\u00e3o ao trimestre anterior. Campos Neto afirmou que o desempenho veio \u201cmais ou menos\u201d em linha com a expectativa do BC, mas reconheceu que o ano deve ter um crescimento um pouco menor.\u00a0\u201cEst\u00e1 ainda dentro do que n\u00f3s imagin\u00e1vamos. O importante \u00e9 criarmos ambiente favor\u00e1vel\u201d, refor\u00e7ou.<\/p>\n<p><strong>Infla\u00e7\u00e3o<br \/>\n<\/strong>O presidente do BC afirmou que a redu\u00e7\u00e3o da infla\u00e7\u00e3o \u00e9 uma das condi\u00e7\u00f5es para a retomada do crescimento. O \u00edndice medido pelo IPCA, e utilizado pelo BC, atingiu 8,99% em 12 meses, segundo dados de julho.<\/p>\n<p>\u201cA pior coisa para o crescimento \u00e9 a infla\u00e7\u00e3o descontrolada\u201d, disse, em resposta aos deputados Elias Vaz (PSB-GO) e Al\u00ea Silva (PSL-MG), que manifestaram preocupa\u00e7\u00e3o com os rumos da alta de pre\u00e7os. \u201cO nosso p\u00fablico est\u00e1 na expectativa do controle da infla\u00e7\u00e3o. As pessoas est\u00e3o sofrendo isso na pele, na mesa\u201d, afirmou Al\u00ea Silva.<\/p>\n<p>Campos Neto disse que a alta inflacion\u00e1ria decorre de diversos fatores, como o aumento do consumo, a queda da produ\u00e7\u00e3o, o aumento de pre\u00e7o internacional das commodities (como carne e petr\u00f3leo) e a valoriza\u00e7\u00e3o do d\u00f3lar frente ao real.<\/p>\n<p>O deputado Silvio Costa Filho (Republicanos-PE), tamb\u00e9m presente ao debate, mostrou-se preocupado com o impacto das disputas pol\u00edticas sobre a situa\u00e7\u00e3o da economia. \u201cO Brasil vive permanentemente em crises institucionais\u201d, disse.<\/p>\n<p><strong>Pix<br \/>\n<\/strong>Alguns parlamentares, como J\u00falio Cesar e Paulo Ganime (Novo-RJ), debateram com Campos Neto sobre as tarifas banc\u00e1rias e as novas ferramentais digitais. J\u00e1 a deputada Tia Eron (Republicanos-BA) questionou sobre a seguran\u00e7a do Pix, solu\u00e7\u00e3o de pagamento instant\u00e2neo do BC.<\/p>\n<p>Nas \u00faltimas semanas, houve relatos de crimes, incluindo sequestros rel\u00e2mpagos e golpes, com o uso dessa ferramenta. Campos Neto lembrou que o BC j\u00e1 tomou medidas, como o estabelecimento de um limite de R$ 1 mil para opera\u00e7\u00f5es entre pessoas f\u00edsicas no per\u00edodo das 20h \u00e0s 6h. Ele afirmou, por\u00e9m, que os dados da institui\u00e7\u00e3o n\u00e3o apontam uma onda de crimes com o uso do Pix.<\/p>\n<p>\u201cQuando a gente olha a estat\u00edstica associada a crimes com o Pix, ele foi 0,001% em termos de incid\u00eancia sobre as transa\u00e7\u00f5es [financeiras]. Isso \u00e9 bastante baixo at\u00e9 comparado com outros pa\u00edses emergentes\u201d, afirmou. Campos Neto disse ainda que os crimes est\u00e3o mais relacionados \u00e0 crise da economia do que ao instrumento em si, e que a solu\u00e7\u00e3o \u00e9 aprofundar a digitaliza\u00e7\u00e3o da economia, reduzindo a quantidade de dinheiro em circula\u00e7\u00e3o, inclusive nas ag\u00eancias e caixas eletr\u00f4nicos.<\/p>\n<p>A audi\u00eancia p\u00fablica foi proposta pelo presidente da comiss\u00e3o, deputado J\u00falio Cesar (PSD-PI).<\/p>\n<p>Fonte: Ag\u00eancia C\u00e2mara de Not\u00edcias<\/p>\n","protected":false},"excerpt":{"rendered":"<p>O presidente do Banco Central, Roberto Campos Neto, disse nesta quarta-feira (1\u00b0), em audi\u00eancia p\u00fablica na C\u00e2mara dos Deputados, que o Brasil depende de recursos&#8230;<\/p>\n","protected":false},"author":1527,"featured_media":31397,"comment_status":"closed","ping_status":"closed","sticky":false,"template":"","format":"standard","meta":{"footnotes":""},"categories":[6],"tags":[],"class_list":["post-35628","post","type-post","status-publish","format-standard","has-post-thumbnail","hentry","category-noticias"],"_links":{"self":[{"href":"https:\/\/www.sincomam.org.br\/index.php\/wp-json\/wp\/v2\/posts\/35628","targetHints":{"allow":["GET"]}}],"collection":[{"href":"https:\/\/www.sincomam.org.br\/index.php\/wp-json\/wp\/v2\/posts"}],"about":[{"href":"https:\/\/www.sincomam.org.br\/index.php\/wp-json\/wp\/v2\/types\/post"}],"author":[{"embeddable":true,"href":"https:\/\/www.sincomam.org.br\/index.php\/wp-json\/wp\/v2\/users\/1527"}],"replies":[{"embeddable":true,"href":"https:\/\/www.sincomam.org.br\/index.php\/wp-json\/wp\/v2\/comments?post=35628"}],"version-history":[{"count":1,"href":"https:\/\/www.sincomam.org.br\/index.php\/wp-json\/wp\/v2\/posts\/35628\/revisions"}],"predecessor-version":[{"id":35629,"href":"https:\/\/www.sincomam.org.br\/index.php\/wp-json\/wp\/v2\/posts\/35628\/revisions\/35629"}],"wp:featuredmedia":[{"embeddable":true,"href":"https:\/\/www.sincomam.org.br\/index.php\/wp-json\/wp\/v2\/media\/31397"}],"wp:attachment":[{"href":"https:\/\/www.sincomam.org.br\/index.php\/wp-json\/wp\/v2\/media?parent=35628"}],"wp:term":[{"taxonomy":"category","embeddable":true,"href":"https:\/\/www.sincomam.org.br\/index.php\/wp-json\/wp\/v2\/categories?post=35628"},{"taxonomy":"post_tag","embeddable":true,"href":"https:\/\/www.sincomam.org.br\/index.php\/wp-json\/wp\/v2\/tags?post=35628"}],"curies":[{"name":"wp","href":"https:\/\/api.w.org\/{rel}","templated":true}]}}