{"id":35622,"date":"2021-09-02T10:09:32","date_gmt":"2021-09-02T13:09:32","guid":{"rendered":"http:\/\/www.sincomam.org.br\/?p=35622"},"modified":"2021-09-02T11:26:41","modified_gmt":"2021-09-02T14:26:41","slug":"aneel-reforca-debate-sobre-seguranca-cibernetica-no-setor-eletrico","status":"publish","type":"post","link":"https:\/\/www.sincomam.org.br\/index.php\/aneel-reforca-debate-sobre-seguranca-cibernetica-no-setor-eletrico\/","title":{"rendered":"Aneel refor\u00e7a debate sobre seguran\u00e7a cibern\u00e9tica no setor el\u00e9trico"},"content":{"rendered":"<p>A diretoria colegiada da Ag\u00eancia Nacional de Energia El\u00e9trica (Aneel) aprovou nesta quarta-feira (1\u00ba\/9) a abertura da segunda fase da Consulta P\u00fablica 007\/2021 que debate a seguran\u00e7a cibern\u00e9tica no setor el\u00e9trico brasileiro. O objetivo \u00e9 ampliar a discuss\u00e3o com a sociedade sobre a regulamenta\u00e7\u00e3o do tema a fim de estabelecer diretrizes para prevenir incidentes e promover a ado\u00e7\u00e3o de pr\u00e1ticas robustas para minimizar os riscos de ataques cibern\u00e9ticos.<\/p>\n<p>As contribui\u00e7\u00f5es para a segunda fase ser\u00e3o recebidas a partir desta quinta-feira (2\/9) a 18 de outubro, por meio de formul\u00e1rio eletr\u00f4nico dispon\u00edvel em www.aneel.gov.br\/consultas-publicas.\u00a0 No espa\u00e7o, os interessados poder\u00e3o acessar os documentos relacionados, como a minuta de resolu\u00e7\u00e3o elaborada pela \u00e1rea t\u00e9cnica da Aneel.<\/p>\n<p>Na primeira fase da Consulta P\u00fablica 007\/2021, houve ampla participa\u00e7\u00e3o da sociedade. No per\u00edodo de 11 de mar\u00e7o a 26 de abril, 42 contribui\u00e7\u00f5es de consumidores, fornecedores de redes de telecomunica\u00e7\u00f5es, agentes do setor, institui\u00e7\u00f5es e associa\u00e7\u00f5es foram enviadas \u00e0 Ag\u00eancia. A premissa foi receber subs\u00eddios relacionados ao Relat\u00f3rio de An\u00e1lise de Impacto Regulat\u00f3rio (AIR).<\/p>\n<p>Ap\u00f3s an\u00e1lise das sugest\u00f5es, a Aneel decidiu pela segunda fase da Consulta P\u00fablica, para tratar da regulamenta\u00e7\u00e3o de itens da pol\u00edtica de seguran\u00e7a cibern\u00e9tica. A proposta inclui a necessidade de compatibilizar as normas de acordo com o porte da empresa; informar casos de crise \u00e0 Ag\u00eancia; compartilhar de incidentes cibern\u00e9ticos relevantes entre os agentes e a Aneel; aplicar periodicamente uma metodologia de avalia\u00e7\u00e3o de maturidade regulat\u00f3ria; prever a segmenta\u00e7\u00e3o de redes de opera\u00e7\u00e3o da rede de TI e da internet; e procedimentos de resposta r\u00e1pida para conten\u00e7\u00e3o de incidentes.<\/p>\n<p>Em mar\u00e7o deste ano, o Conselho Nacional de Pol\u00edtica Energ\u00e9tica (CNPE) instituiu Grupo de Trabalho com a participa\u00e7\u00e3o da Aneel, do Minist\u00e9rio de Minas e Energia (MME), do Gabinete de Seguran\u00e7a Institucional (GSI), da Empresa de Pesquisa Energ\u00e9tica (EPE) e da C\u00e2mara de Comercializa\u00e7\u00e3o de Energia El\u00e9trica (CCEE) para tratar do tema. No \u00faltimo 16 de julho, o governo federal instituiu a Rede Federal de Gest\u00e3o de Incidentes Cibern\u00e9ticos, como forma de preven\u00e7\u00e3o contra amea\u00e7as cibern\u00e9ticas e de elevar o n\u00edvel de resili\u00eancia em seguran\u00e7a cibern\u00e9tica dos ativos de informa\u00e7\u00e3o dos \u00f3rg\u00e3os e das entidades da administra\u00e7\u00e3o p\u00fablica federal direta, aut\u00e1rquica e fundacional.<\/p>\n<p>Fonte: Aneel<\/p>\n","protected":false},"excerpt":{"rendered":"<p>A diretoria colegiada da Ag\u00eancia Nacional de Energia El\u00e9trica (Aneel) aprovou nesta quarta-feira (1\u00ba\/9) a abertura da segunda fase da Consulta P\u00fablica 007\/2021 que debate&#8230;<\/p>\n","protected":false},"author":1527,"featured_media":32749,"comment_status":"closed","ping_status":"closed","sticky":false,"template":"","format":"standard","meta":{"footnotes":""},"categories":[6],"tags":[],"class_list":["post-35622","post","type-post","status-publish","format-standard","has-post-thumbnail","hentry","category-noticias"],"_links":{"self":[{"href":"https:\/\/www.sincomam.org.br\/index.php\/wp-json\/wp\/v2\/posts\/35622","targetHints":{"allow":["GET"]}}],"collection":[{"href":"https:\/\/www.sincomam.org.br\/index.php\/wp-json\/wp\/v2\/posts"}],"about":[{"href":"https:\/\/www.sincomam.org.br\/index.php\/wp-json\/wp\/v2\/types\/post"}],"author":[{"embeddable":true,"href":"https:\/\/www.sincomam.org.br\/index.php\/wp-json\/wp\/v2\/users\/1527"}],"replies":[{"embeddable":true,"href":"https:\/\/www.sincomam.org.br\/index.php\/wp-json\/wp\/v2\/comments?post=35622"}],"version-history":[{"count":1,"href":"https:\/\/www.sincomam.org.br\/index.php\/wp-json\/wp\/v2\/posts\/35622\/revisions"}],"predecessor-version":[{"id":35623,"href":"https:\/\/www.sincomam.org.br\/index.php\/wp-json\/wp\/v2\/posts\/35622\/revisions\/35623"}],"wp:featuredmedia":[{"embeddable":true,"href":"https:\/\/www.sincomam.org.br\/index.php\/wp-json\/wp\/v2\/media\/32749"}],"wp:attachment":[{"href":"https:\/\/www.sincomam.org.br\/index.php\/wp-json\/wp\/v2\/media?parent=35622"}],"wp:term":[{"taxonomy":"category","embeddable":true,"href":"https:\/\/www.sincomam.org.br\/index.php\/wp-json\/wp\/v2\/categories?post=35622"},{"taxonomy":"post_tag","embeddable":true,"href":"https:\/\/www.sincomam.org.br\/index.php\/wp-json\/wp\/v2\/tags?post=35622"}],"curies":[{"name":"wp","href":"https:\/\/api.w.org\/{rel}","templated":true}]}}