{"id":35612,"date":"2021-09-01T11:02:44","date_gmt":"2021-09-01T14:02:44","guid":{"rendered":"http:\/\/www.sincomam.org.br\/?p=35612"},"modified":"2021-09-01T11:02:44","modified_gmt":"2021-09-01T14:02:44","slug":"camara-aprova-em-2o-turno-pec-que-inclui-a-protecao-de-dados-pessoais-na-constituicao","status":"publish","type":"post","link":"https:\/\/www.sincomam.org.br\/index.php\/camara-aprova-em-2o-turno-pec-que-inclui-a-protecao-de-dados-pessoais-na-constituicao\/","title":{"rendered":"C\u00e2mara aprova em 2\u00ba turno PEC que inclui a prote\u00e7\u00e3o de dados pessoais na Constitui\u00e7\u00e3o"},"content":{"rendered":"<p>A C\u00e2mara dos Deputados aprovou nesta ter\u00e7a-feira (31) a Proposta de Emenda \u00e0 Constitui\u00e7\u00e3o (PEC) 17\/19, do Senado, que torna a prote\u00e7\u00e3o de dados pessoais, inclusive nos meios digitais, um direito fundamental e remete privativamente \u00e0 Uni\u00e3o a fun\u00e7\u00e3o de legislar sobre o tema.<\/p>\n<p>A proposta foi aprovada em dois turnos na forma do substitutivo do relator, deputado Orlando Silva (PCdoB-SP), e deve retornar ao Senado Federal devido \u00e0s mudan\u00e7as feitas. Na vota\u00e7\u00e3o em segundo turno, foram 436 votos a 4. Em primeiro turno, foram 439 a 1.<\/p>\n<p>Segundo a proposta, tamb\u00e9m caber\u00e1 \u00e0 Uni\u00e3o organizar e fiscalizar a prote\u00e7\u00e3o e o tratamento de dados pessoais, nos termos da lei. \u201cTodos n\u00f3s aqui utilizamos sistematicamente aplicativos na internet, e o manejo desses aplicativos se d\u00e1 a partir da oferta de dados pessoais, que, muitas vezes, \u00e9 objeto de manipula\u00e7\u00e3o sem que cada um de n\u00f3s saiba os riscos \u00e0 nossa privacidade\u201d, afirmou Orlando Silva.<\/p>\n<p><strong>Prote\u00e7\u00e3o de dados<br \/>\n<\/strong>Orlando Silva ressaltou que a proposta consolida os normativos para a prote\u00e7\u00e3o dos dados pessoais e \u201ccoloca o Brasil na fronteira dessa legisla\u00e7\u00e3o\u201d. Ele lembrou que o Pa\u00eds j\u00e1 conta com a Lei Geral de Prote\u00e7\u00e3o de Dados Pessoais (LGPD) e possui, como \u00f3rg\u00e3o fiscalizador, a Autoridade Nacional de Prote\u00e7\u00e3o de Dados (ANPD).<\/p>\n<p>Para o deputado Isnaldo Bulh\u00f5es (MDB-AL), \u201csem d\u00favida nenhuma a PEC \u00e9 um avan\u00e7o, porque acompanhamos grandes esc\u00e2ndalos, grandes viola\u00e7\u00f5es e fraudes que avan\u00e7aram bastante nos \u00faltimos tempos com o desenvolvimento tecnol\u00f3gico no Brasil e no mundo\u201d.<\/p>\n<p>Os deputados Hildo Rocha (MDB-MA) e Felipe Rigoni (PSB-ES) tamb\u00e9m defenderam a aprova\u00e7\u00e3o da PEC. Rocha alertou que atualmente h\u00e1 riscos, como o vazamento neste ano dos dados de 223 milh\u00f5es de pessoas, incluindo at\u00e9 falecidas. Rigoni, por sua vez, defendeu que a ANPD tenha independ\u00eancia e autonomia.<\/p>\n<p><strong>Ag\u00eancia<br \/>\n<\/strong>Um destaque do Novo aprovado pelo Plen\u00e1rio retirou do texto a previs\u00e3o de cria\u00e7\u00e3o de um \u00f3rg\u00e3o regulador sobre prote\u00e7\u00e3o de dados na forma de uma entidade independente, integrante da administra\u00e7\u00e3o p\u00fablica federal indireta e submetida a regime aut\u00e1rquico especial.<\/p>\n<p>Ao defender a retirada do trecho, o deputado Vin\u00edcius Poit (Novo-SP) questionou a inclus\u00e3o na Constitui\u00e7\u00e3o da cria\u00e7\u00e3o de uma ag\u00eancia. \u201cNingu\u00e9m aqui est\u00e1 questionando a autonomia, a independ\u00eancia da autoridade reguladora. Agora, constitucionalizar esse tema nunca foi feito para nenhuma outra ag\u00eancia\u201d, ponderou.<\/p>\n<p>O Plen\u00e1rio seguiu a inten\u00e7\u00e3o do deputado e rejeitou o trecho por 266 votos a 165. Para manter um texto em uma PEC, s\u00e3o necess\u00e1rios 308 votos favor\u00e1veis.<\/p>\n<p>Fonte: Ag\u00eancia C\u00e2mara de Not\u00edcias<\/p>\n","protected":false},"excerpt":{"rendered":"<p>A C\u00e2mara dos Deputados aprovou nesta ter\u00e7a-feira (31) a Proposta de Emenda \u00e0 Constitui\u00e7\u00e3o (PEC) 17\/19, do Senado, que torna a prote\u00e7\u00e3o de dados pessoais,&#8230;<\/p>\n","protected":false},"author":1527,"featured_media":18212,"comment_status":"closed","ping_status":"closed","sticky":false,"template":"","format":"standard","meta":{"footnotes":""},"categories":[6],"tags":[],"class_list":["post-35612","post","type-post","status-publish","format-standard","has-post-thumbnail","hentry","category-noticias"],"_links":{"self":[{"href":"https:\/\/www.sincomam.org.br\/index.php\/wp-json\/wp\/v2\/posts\/35612","targetHints":{"allow":["GET"]}}],"collection":[{"href":"https:\/\/www.sincomam.org.br\/index.php\/wp-json\/wp\/v2\/posts"}],"about":[{"href":"https:\/\/www.sincomam.org.br\/index.php\/wp-json\/wp\/v2\/types\/post"}],"author":[{"embeddable":true,"href":"https:\/\/www.sincomam.org.br\/index.php\/wp-json\/wp\/v2\/users\/1527"}],"replies":[{"embeddable":true,"href":"https:\/\/www.sincomam.org.br\/index.php\/wp-json\/wp\/v2\/comments?post=35612"}],"version-history":[{"count":1,"href":"https:\/\/www.sincomam.org.br\/index.php\/wp-json\/wp\/v2\/posts\/35612\/revisions"}],"predecessor-version":[{"id":35613,"href":"https:\/\/www.sincomam.org.br\/index.php\/wp-json\/wp\/v2\/posts\/35612\/revisions\/35613"}],"wp:featuredmedia":[{"embeddable":true,"href":"https:\/\/www.sincomam.org.br\/index.php\/wp-json\/wp\/v2\/media\/18212"}],"wp:attachment":[{"href":"https:\/\/www.sincomam.org.br\/index.php\/wp-json\/wp\/v2\/media?parent=35612"}],"wp:term":[{"taxonomy":"category","embeddable":true,"href":"https:\/\/www.sincomam.org.br\/index.php\/wp-json\/wp\/v2\/categories?post=35612"},{"taxonomy":"post_tag","embeddable":true,"href":"https:\/\/www.sincomam.org.br\/index.php\/wp-json\/wp\/v2\/tags?post=35612"}],"curies":[{"name":"wp","href":"https:\/\/api.w.org\/{rel}","templated":true}]}}