{"id":35599,"date":"2021-09-01T10:44:16","date_gmt":"2021-09-01T13:44:16","guid":{"rendered":"http:\/\/www.sincomam.org.br\/?p=35599"},"modified":"2021-09-01T10:44:16","modified_gmt":"2021-09-01T13:44:16","slug":"ministro-pede-envolvimento-da-sociedade-para-evitar-racionamento","status":"publish","type":"post","link":"https:\/\/www.sincomam.org.br\/index.php\/ministro-pede-envolvimento-da-sociedade-para-evitar-racionamento\/","title":{"rendered":"Ministro pede envolvimento da sociedade para evitar racionamento"},"content":{"rendered":"<p>Ministro de Minas e Energia (MME), Bento Albuquerque pediu o envolvimento de toda a sociedade para evitar apag\u00f5es e racionamento de energia nos pr\u00f3ximos meses. Em pronunciamento em cadeia nacional de r\u00e1dio e televis\u00e3o, ele explicou a situa\u00e7\u00e3o h\u00eddrica nos reservat\u00f3rios das usinas e a alta na tarifa para pagar a energia produzida por termel\u00e9tricas e a importada de pa\u00edses vizinhos.<\/p>\n<p>Segundo o ministro, a perda de gera\u00e7\u00e3o hidrel\u00e9trica provocada pela estiagem no Centro-Sul no fim do ano passado e no in\u00edcio deste ano equivale ao consumo de energia de uma cidade como o Rio de Janeiro por cerca de cinco meses.<\/p>\n<p>O ministro classificou a seca como um fen\u00f4meno natural, que tamb\u00e9m ocorre em \u201cmuitos outros pa\u00edses\u201d com a mesma intensidade. No entanto, ressaltou que a estiagem ter\u00e1 impacto sobre a gera\u00e7\u00e3o de energia na maior parte do pa\u00eds. \u201cA nossa condi\u00e7\u00e3o hidro energ\u00e9tica se agravou. O per\u00edodo de chuvas na Regi\u00e3o Sul foi pior que o esperado. Como consequ\u00eancia, o n\u00edvel dos reservat\u00f3rios de nossas usinas hidrel\u00e9tricas das regi\u00f5es Sudeste e Centro-Oeste sofreram redu\u00e7\u00e3o maior que a prevista\u201d, declarou.<\/p>\n<p><strong>Custos<br \/>\n<\/strong>Segundo Albuquerque, o governo est\u00e1 usando todos os recursos dispon\u00edveis e tomando medidas extraordin\u00e1rias para garantir o fornecimento de energia. Algumas das a\u00e7\u00f5es, geraram custos que ser\u00e3o repassados \u00e0 conta de luz, como a ativa\u00e7\u00e3o de usinas termel\u00e9tricas e a compra de energia de pa\u00edses vizinhos. \u201cComo todos os recursos mais baratos j\u00e1 estavam sendo utilizados, essa eletricidade adicional, proveniente de gera\u00e7\u00e3o termel\u00e9trica e da importa\u00e7\u00e3o de energia, custar\u00e1 mais caro\u201d, justificou o ministro.<\/p>\n<p>Mais cedo, a Ag\u00eancia Nacional de Energia El\u00e9trica (Aneel) anunciou a cria\u00e7\u00e3o de uma bandeira tarif\u00e1ria que cobrar\u00e1 R$ 14,20 a cada 100 quilowatt-hora (kWh) consumido entre hoje (1\u00ba) e abril do pr\u00f3ximo ano. O novo patamar representa um aumento de R$ 4,71, cerca de 50%, em rela\u00e7\u00e3o \u00e0 bandeira vermelha atual, e ter\u00e1 impacto de cerca de 7% na conta total de luz.<\/p>\n<p><strong>Consumo<br \/>\n<\/strong>Al\u00e9m das medidas para reduzir as perdas na gera\u00e7\u00e3o, o ministro destacou as medidas que pretendem reduzir o consumo de energia. Ele citou a\u00e7\u00f5es recentes, como a determina\u00e7\u00e3o de que os \u00f3rg\u00e3os federais diminuam o consumo em 20% e o incentivo para que grandes consumidores, como ind\u00fastria, troquem de hor\u00e1rio, reduzindo o consumo nos hor\u00e1rios de pico.<\/p>\n<p>Bento Albuquerque tamb\u00e9m pediu o empenho de toda a popula\u00e7\u00e3o, anunciando a inten\u00e7\u00e3o de criar um b\u00f4nus para os consumidores residenciais, comerciais e de servi\u00e7os que diminu\u00edrem o consumo de eletricidade. Segundo ele, esse tipo de iniciativa existe em outros pa\u00edses.<\/p>\n<p>\u201cOs consumidores que aderirem a esse chamado e economizarem energia ser\u00e3o recompensados e poder\u00e3o ter redu\u00e7\u00e3o nas contas de luz\u201d, explicou. De acordo com o ministro, uma redu\u00e7\u00e3o m\u00e9dia de 12% no consumo residencial equivaleria ao suprimento para 8,6 milh\u00f5es de domic\u00edlios.<\/p>\n<p>O ministro deu exemplos de iniciativas que podem ser tomadas para reduzir o consumo e reduzir o desperd\u00edcio. Ele citou o desligamento de luzes e aparelhos fora de uso, o aproveitamento da luz natural e a redu\u00e7\u00e3o do uso de chuveiros el\u00e9tricos, de aparelhos de ar-condicionado e de ferro de passar roupa. Ele sugeriu a utiliza\u00e7\u00e3o desses equipamentos durante a manh\u00e3 e nos fins de semana.<\/p>\n<p><strong>Engajamento<br \/>\n<\/strong>Ao fim do pronunciamento, o ministro conclamou o engajamento de toda a popula\u00e7\u00e3o para evitar o risco de falta de energia em determinados hor\u00e1rios. No entanto, ressaltou que a recupera\u00e7\u00e3o dos reservat\u00f3rios leva tempo e tamb\u00e9m depende da intensidade das chuvas no pr\u00f3ximo ver\u00e3o.<\/p>\n<p>\u201c\u00c9 por isso que, nesse momento de escassez precisamos, mais do que nunca, usar nossa \u00e1gua e nossa energia de forma consciente e respons\u00e1vel. Com esse esfor\u00e7o, aliado ao conjunto de medidas que o governo federal vem adotando, seremos capazes de enfrentar essa conjuntura desafiadora. Uma conjuntura que ser\u00e1 t\u00e3o mais favor\u00e1vel quanto mais r\u00e1pida, intensa e abrangente for a mobiliza\u00e7\u00e3o da sociedade para enfrent\u00e1-la\u201d, concluiu Albuquerque.<\/p>\n<p>Fonte: Ag\u00eancia Brasil<\/p>\n","protected":false},"excerpt":{"rendered":"<p>Ministro de Minas e Energia (MME), Bento Albuquerque pediu o envolvimento de toda a sociedade para evitar apag\u00f5es e racionamento de energia nos pr\u00f3ximos meses&#8230;.<\/p>\n","protected":false},"author":1527,"featured_media":32563,"comment_status":"closed","ping_status":"closed","sticky":false,"template":"","format":"standard","meta":{"footnotes":""},"categories":[6],"tags":[],"class_list":["post-35599","post","type-post","status-publish","format-standard","has-post-thumbnail","hentry","category-noticias"],"_links":{"self":[{"href":"https:\/\/www.sincomam.org.br\/index.php\/wp-json\/wp\/v2\/posts\/35599","targetHints":{"allow":["GET"]}}],"collection":[{"href":"https:\/\/www.sincomam.org.br\/index.php\/wp-json\/wp\/v2\/posts"}],"about":[{"href":"https:\/\/www.sincomam.org.br\/index.php\/wp-json\/wp\/v2\/types\/post"}],"author":[{"embeddable":true,"href":"https:\/\/www.sincomam.org.br\/index.php\/wp-json\/wp\/v2\/users\/1527"}],"replies":[{"embeddable":true,"href":"https:\/\/www.sincomam.org.br\/index.php\/wp-json\/wp\/v2\/comments?post=35599"}],"version-history":[{"count":1,"href":"https:\/\/www.sincomam.org.br\/index.php\/wp-json\/wp\/v2\/posts\/35599\/revisions"}],"predecessor-version":[{"id":35600,"href":"https:\/\/www.sincomam.org.br\/index.php\/wp-json\/wp\/v2\/posts\/35599\/revisions\/35600"}],"wp:featuredmedia":[{"embeddable":true,"href":"https:\/\/www.sincomam.org.br\/index.php\/wp-json\/wp\/v2\/media\/32563"}],"wp:attachment":[{"href":"https:\/\/www.sincomam.org.br\/index.php\/wp-json\/wp\/v2\/media?parent=35599"}],"wp:term":[{"taxonomy":"category","embeddable":true,"href":"https:\/\/www.sincomam.org.br\/index.php\/wp-json\/wp\/v2\/categories?post=35599"},{"taxonomy":"post_tag","embeddable":true,"href":"https:\/\/www.sincomam.org.br\/index.php\/wp-json\/wp\/v2\/tags?post=35599"}],"curies":[{"name":"wp","href":"https:\/\/api.w.org\/{rel}","templated":true}]}}