{"id":35592,"date":"2021-08-31T10:57:39","date_gmt":"2021-08-31T13:57:39","guid":{"rendered":"http:\/\/www.sincomam.org.br\/?p=35592"},"modified":"2021-08-31T10:57:39","modified_gmt":"2021-08-31T13:57:39","slug":"expectativa-da-anatel-e-que-leilao-do-5g-aconteca-em-outubro-e-senadores-defendem-foco-na-educacao-na-implementacao-da-tecnologia","status":"publish","type":"post","link":"https:\/\/www.sincomam.org.br\/index.php\/expectativa-da-anatel-e-que-leilao-do-5g-aconteca-em-outubro-e-senadores-defendem-foco-na-educacao-na-implementacao-da-tecnologia\/","title":{"rendered":"Expectativa da Anatel \u00e9 que leil\u00e3o do 5G aconte\u00e7a em outubro e senadores defendem foco na educa\u00e7\u00e3o na implementa\u00e7\u00e3o da tecnologia"},"content":{"rendered":"<p>Em audi\u00eancia p\u00fablica nesta segunda-feira (30) na Comiss\u00e3o de Desenvolvimento Regional (CDR), senadores cobraram que a implementa\u00e7\u00e3o da tecnologia 5G no Brasil venha acompanhada de investimentos na \u00e1rea da educa\u00e7\u00e3o. O leil\u00e3o do 5G est\u00e1 previsto para outubro. O presidente da CDR, senador Fernando Collor (Pros-AL), destacou que a chegada da infraestrutura para o 5G n\u00e3o pode ser vista apenas como uma melhoria na qualidade das conex\u00f5es. O processo, segundo ele, precisa ser formulado de modo a vencer as barreiras de acesso digital que o pa\u00eds ainda encara.<\/p>\n<p>\u201cO direito \u00e0 conectividade ainda n\u00e3o est\u00e1 ao alcance de todos os cidad\u00e3os. Embora 81% da popula\u00e7\u00e3o nacional tenham acesso \u00e0 internet, 90% das resid\u00eancias das classes D e E conectam-se exclusivamente, precariamente, por meio de celulares. No campo, a exclus\u00e3o ainda \u00e9 a regra e as propriedades conectadas s\u00e3o as exce\u00e7\u00f5es. Pouco mais de 20% da \u00e1rea rural recebe sinal de internet m\u00f3vel.\u201d Os maiores efeitos desse problema, de acordo com os parlamentares, s\u00e3o os verificados na educa\u00e7\u00e3o. Collor observou que, segundo o Censo Escolar de 2020, menos de um ter\u00e7o das escolas p\u00fablicas de ensino fundamental t\u00eam estrutura para acesso \u00e0 internet.<\/p>\n<p>Os senadores Izalci Lucas (PSDB-DF) e Zenaide Maia (Pros-RN) tamb\u00e9m manifestaram preocupa\u00e7\u00e3o com o assunto. Eles pediram que a entrada do 5G venha acompanhada de medidas que garantam a conectividade para alunos e professores. Izalci observou que a pandemia de covid-19 for\u00e7ou as escolas a explorarem recursos de ensino a dist\u00e2ncia. \u201cA pandemia demonstrou o fant\u00e1stico potencial da utiliza\u00e7\u00e3o da internet. Em pouco tempo, sem prepara\u00e7\u00e3o pr\u00e9via, grande parte do sistema educacional brasileiro passou a operar por rede de telecomunica\u00e7\u00f5es. Que tipo de inova\u00e7\u00e3o as redes de quinta gera\u00e7\u00e3o podem trazer no campo?\u201d, perguntou o senador.<\/p>\n<p>Izalci e Zenaide lembraram que o Congresso Nacional aprovou no in\u00edcio do ano uma lei que destrava recursos do Fundo de Universaliza\u00e7\u00e3o dos Servi\u00e7os de Telecomunica\u00e7\u00f5es (Fust) para investimentos em acessibilidade digital na educa\u00e7\u00e3o b\u00e1sica \u2014 e depois derrubou o veto do presidente da Rep\u00fablica sobre essa mat\u00e9ria. Mesmo assim, o governo federal adiou a aplica\u00e7\u00e3o dessas verbas por meio de uma medida provis\u00f3ria: a MP 1.060\/2021. Os senadores defenderam a devolu\u00e7\u00e3o dessa medida provis\u00f3ria ao Executivo.<\/p>\n<p><strong>Regulamenta\u00e7\u00e3o<br \/>\n<\/strong>O presidente da Ag\u00eancia Nacional de Telecomunica\u00e7\u00f5es (Anatel), Leonardo Euler de Morais, apresentou detalhes sobre as regras estabelecidas para o leil\u00e3o do 5G \u2014 modalidade que, segundo ele, vai \u201cremodelar a sociedade\u201d. Morais declarou que a diferen\u00e7a do 5G para as gera\u00e7\u00f5es anteriores de redes vai al\u00e9m do incremento de velocidade de conex\u00e3o, abrindo caminho para o aprimoramento tecnol\u00f3gico por meio de mais capacidade computacional e potencial de <em>machine learning<\/em>.<\/p>\n<p>\u201cA Anatel delineou um edital que tivesse menos vi\u00e9s arrecadat\u00f3rio e mais compromissos de investimento, levando \u00e0 expans\u00e3o da infraestrutura e da oferta\u201d, afirmou. O presidente da Anatel informou que o leil\u00e3o reservar\u00e1 duas faixas de radiofrequ\u00eancia para o 5G, sendo uma delas exclusivamente para projetos de conectividade digital em escolas p\u00fablicas. Disse tamb\u00e9m que a outra faixa, descrita como a \u201cprincipal porta de entrada\u201d do 5G no pa\u00eds, reserva um espa\u00e7o mais amplo de radiofrequ\u00eancia, para atrair mais interessados e permitir um uso mais eficiente da tecnologia.<\/p>\n<p>Morais tamb\u00e9m ressaltou que o edital prev\u00ea compromissos espec\u00edficos para transporte de dados na regi\u00e3o Norte (com o objetivo de ajudar os servi\u00e7os de fiscaliza\u00e7\u00e3o ambiental) e adapta\u00e7\u00f5es para os sistemas de antenas parab\u00f3licas. Ele destacou que deve haver tamb\u00e9m espa\u00e7o para lotes regionalizados, que permitam a participa\u00e7\u00e3o de pequenos provedores de internet.<\/p>\n<p><strong>Forma\u00e7\u00e3o<br \/>\n<\/strong>Outros participantes da audi\u00eancia levantaram o tema da forma\u00e7\u00e3o de usu\u00e1rios para a nova gera\u00e7\u00e3o de redes. Paulo Alvim, secret\u00e1rio de Empreendedorismo e Inova\u00e7\u00e3o do Minist\u00e9rio da Ci\u00eancia e Tecnologia, afirmou que o pa\u00eds precisa preparar recursos humanos n\u00e3o apenas para implementar a nova tecnologia, mas tamb\u00e9m para interagir com ela, de modo a concretizar o potencial de postos de trabalho e oportunidades de neg\u00f3cio que podem surgir com o 5G.<\/p>\n<p>J\u00e1 Jefferson Gomes, superintendente de Inova\u00e7\u00e3o e Tecnologia da Confedera\u00e7\u00e3o Nacional da Ind\u00fastria (CNI), apresentou a estimativa de que, nos pr\u00f3ximos seis anos, a forma\u00e7\u00e3o para o trabalho ser\u00e1 radicalmente transformada. Ele observou que o mundo inteiro ainda est\u00e1 iniciando a sua adapta\u00e7\u00e3o a isso. No sistema educacional, com os incrementos tecnol\u00f3gicos do 5G, n\u00e3o ser\u00e1 diferente, argumenta Gomes. \u201cA facilidade de transmiss\u00e3o e a lat\u00eancia [tempo de rea\u00e7\u00e3o] baixa do 5G v\u00e3o facilitar muito o trabalho, mas de nada adianta se o professor n\u00e3o estiver preparado para falar ao v\u00eddeo e n\u00e3o tiver o roteiro pedag\u00f3gico-did\u00e1tico para conduzir uma aula.\u201d<\/p>\n<p><strong>Munic\u00edpios<br \/>\n<\/strong>Tamb\u00e9m participou da audi\u00eancia o vice-presidente da Confedera\u00e7\u00e3o Nacional de Munic\u00edpios, Jair Souto, que \u00e9 prefeito de Manaquiri (AM). Ele informou que mais de mil munic\u00edpios brasileiros n\u00e3o t\u00eam acesso \u00e0 internet. Souto cobrou da Anatel que o marco regulat\u00f3rio do leil\u00e3o do 5G considere as necessidades desses locais, e n\u00e3o apenas dos grandes centros urbanos.<\/p>\n<p>O presidente da Anatel afirmou que essa situa\u00e7\u00e3o est\u00e1 sendo observada, e n\u00e3o apenas nos pequenos munic\u00edpios, mas tamb\u00e9m em localidades isoladas como vilas e distritos. Leonardo Euler de Morais acrescentou que a ag\u00eancia dialoga com os munic\u00edpios para garantir melhores condi\u00e7\u00f5es para a instala\u00e7\u00e3o de antenas e para a capilaridade da fibra \u00f3tica, que s\u00e3o essenciais para a distribui\u00e7\u00e3o das redes.\u200b<\/p>\n<p>Fonte: Ag\u00eancia Senado<\/p>\n","protected":false},"excerpt":{"rendered":"<p>Em audi\u00eancia p\u00fablica nesta segunda-feira (30) na Comiss\u00e3o de Desenvolvimento Regional (CDR), senadores cobraram que a implementa\u00e7\u00e3o da tecnologia 5G no Brasil venha acompanhada de&#8230;<\/p>\n","protected":false},"author":1527,"featured_media":35593,"comment_status":"closed","ping_status":"closed","sticky":false,"template":"","format":"standard","meta":{"footnotes":""},"categories":[6],"tags":[],"class_list":["post-35592","post","type-post","status-publish","format-standard","has-post-thumbnail","hentry","category-noticias"],"_links":{"self":[{"href":"https:\/\/www.sincomam.org.br\/index.php\/wp-json\/wp\/v2\/posts\/35592","targetHints":{"allow":["GET"]}}],"collection":[{"href":"https:\/\/www.sincomam.org.br\/index.php\/wp-json\/wp\/v2\/posts"}],"about":[{"href":"https:\/\/www.sincomam.org.br\/index.php\/wp-json\/wp\/v2\/types\/post"}],"author":[{"embeddable":true,"href":"https:\/\/www.sincomam.org.br\/index.php\/wp-json\/wp\/v2\/users\/1527"}],"replies":[{"embeddable":true,"href":"https:\/\/www.sincomam.org.br\/index.php\/wp-json\/wp\/v2\/comments?post=35592"}],"version-history":[{"count":1,"href":"https:\/\/www.sincomam.org.br\/index.php\/wp-json\/wp\/v2\/posts\/35592\/revisions"}],"predecessor-version":[{"id":35594,"href":"https:\/\/www.sincomam.org.br\/index.php\/wp-json\/wp\/v2\/posts\/35592\/revisions\/35594"}],"wp:featuredmedia":[{"embeddable":true,"href":"https:\/\/www.sincomam.org.br\/index.php\/wp-json\/wp\/v2\/media\/35593"}],"wp:attachment":[{"href":"https:\/\/www.sincomam.org.br\/index.php\/wp-json\/wp\/v2\/media?parent=35592"}],"wp:term":[{"taxonomy":"category","embeddable":true,"href":"https:\/\/www.sincomam.org.br\/index.php\/wp-json\/wp\/v2\/categories?post=35592"},{"taxonomy":"post_tag","embeddable":true,"href":"https:\/\/www.sincomam.org.br\/index.php\/wp-json\/wp\/v2\/tags?post=35592"}],"curies":[{"name":"wp","href":"https:\/\/api.w.org\/{rel}","templated":true}]}}