{"id":35590,"date":"2021-08-31T10:51:17","date_gmt":"2021-08-31T13:51:17","guid":{"rendered":"http:\/\/www.sincomam.org.br\/?p=35590"},"modified":"2021-08-31T10:51:17","modified_gmt":"2021-08-31T13:51:17","slug":"mutirao-de-empregos-de-sindicatos-em-sao-paulo-oferece-12-mil-vagas-e-tera-segunda-edicao-on-line","status":"publish","type":"post","link":"https:\/\/www.sincomam.org.br\/index.php\/mutirao-de-empregos-de-sindicatos-em-sao-paulo-oferece-12-mil-vagas-e-tera-segunda-edicao-on-line\/","title":{"rendered":"Mutir\u00e3o de empregos de sindicatos em S\u00e3o Paulo oferece 12 mil vagas e ter\u00e1 segunda edi\u00e7\u00e3o on-line"},"content":{"rendered":"<p>Segue at\u00e9 s\u00e1bado (4\/9), a sexta edi\u00e7\u00e3o do Mutir\u00e3o de Empregos em S\u00e3o Paulo, promovido pelo Sindicato dos Comerci\u00e1rios de S\u00e3o Paulo e a Uni\u00e3o Geral dos Trabalhadores (UGT). A a\u00e7\u00e3o, que \u00e9 conhecida por provocar longas filas no Vale do Anhangaba\u00fa, centro da capital, ter\u00e1 sua segunda edi\u00e7\u00e3o on-line. No ano passado, foram cerca de 300 mil cadastros para 8 mil vagas, de acordo com a central de trabalhadores.<\/p>\n<p>O sindicato aponta que 45 empresas parceiras devem oferecer vagas no mutir\u00e3o e cerca de 12 mil propostas estar\u00e3o dispon\u00edveis nas \u00e1reas de com\u00e9rcio, servi\u00e7os e ind\u00fastria. A inscri\u00e7\u00e3o \u00e9 feita no site. O cadastro solicitado \u00e9 equivalente ao preenchimento de um curr\u00edculo, incluindo, al\u00e9m dos dados pessoais, informa\u00e7\u00f5es sobre escolaridade, cursos, habilidades, experi\u00eancias e dados para contato.<\/p>\n<p>Em nota, o presidente da UGT e do sindicato dos Comerci\u00e1rios, Ricardo Patah, explicou que o objetivo \u00e9 diminuir as barreiras entre candidatos e a \u00e1rea de recursos humanos das empresas. A estimativa das entidades \u00e9 de que, com as atuais taxas de desemprego, o n\u00famero de candidatos siga crescendo. Os sindicatos de Asseio e Conserva\u00e7\u00e3o (Siemaco) e dos Padeiros tamb\u00e9m participam da a\u00e7\u00e3o.<\/p>\n<p><strong>N\u00fameros<br \/>\n<\/strong>A taxa de desemprego no pa\u00eds ficou em 14,6% no trimestre encerrado em maio deste ano, segundo dados divulgados no final de julho pelo Instituto Brasileiro de Geografia e Estat\u00edstica (IBGE). No estado de S\u00e3o Paulo, a taxa de desemprego tamb\u00e9m est\u00e1 em 14,6%, conforme an\u00e1lise divulgada em junho pela Funda\u00e7\u00e3o Sistema Estadual de An\u00e1lise de Dados (Seade), com dados do IBGE.<\/p>\n<p>Fonte: Ag\u00eancia Brasil<\/p>\n","protected":false},"excerpt":{"rendered":"<p>Segue at\u00e9 s\u00e1bado (4\/9), a sexta edi\u00e7\u00e3o do Mutir\u00e3o de Empregos em S\u00e3o Paulo, promovido pelo Sindicato dos Comerci\u00e1rios de S\u00e3o Paulo e a Uni\u00e3o&#8230;<\/p>\n","protected":false},"author":1527,"featured_media":30751,"comment_status":"closed","ping_status":"closed","sticky":false,"template":"","format":"standard","meta":{"footnotes":""},"categories":[6],"tags":[],"class_list":["post-35590","post","type-post","status-publish","format-standard","has-post-thumbnail","hentry","category-noticias"],"_links":{"self":[{"href":"https:\/\/www.sincomam.org.br\/index.php\/wp-json\/wp\/v2\/posts\/35590","targetHints":{"allow":["GET"]}}],"collection":[{"href":"https:\/\/www.sincomam.org.br\/index.php\/wp-json\/wp\/v2\/posts"}],"about":[{"href":"https:\/\/www.sincomam.org.br\/index.php\/wp-json\/wp\/v2\/types\/post"}],"author":[{"embeddable":true,"href":"https:\/\/www.sincomam.org.br\/index.php\/wp-json\/wp\/v2\/users\/1527"}],"replies":[{"embeddable":true,"href":"https:\/\/www.sincomam.org.br\/index.php\/wp-json\/wp\/v2\/comments?post=35590"}],"version-history":[{"count":1,"href":"https:\/\/www.sincomam.org.br\/index.php\/wp-json\/wp\/v2\/posts\/35590\/revisions"}],"predecessor-version":[{"id":35591,"href":"https:\/\/www.sincomam.org.br\/index.php\/wp-json\/wp\/v2\/posts\/35590\/revisions\/35591"}],"wp:featuredmedia":[{"embeddable":true,"href":"https:\/\/www.sincomam.org.br\/index.php\/wp-json\/wp\/v2\/media\/30751"}],"wp:attachment":[{"href":"https:\/\/www.sincomam.org.br\/index.php\/wp-json\/wp\/v2\/media?parent=35590"}],"wp:term":[{"taxonomy":"category","embeddable":true,"href":"https:\/\/www.sincomam.org.br\/index.php\/wp-json\/wp\/v2\/categories?post=35590"},{"taxonomy":"post_tag","embeddable":true,"href":"https:\/\/www.sincomam.org.br\/index.php\/wp-json\/wp\/v2\/tags?post=35590"}],"curies":[{"name":"wp","href":"https:\/\/api.w.org\/{rel}","templated":true}]}}