{"id":35588,"date":"2021-08-31T10:49:31","date_gmt":"2021-08-31T13:49:31","guid":{"rendered":"http:\/\/www.sincomam.org.br\/?p=35588"},"modified":"2021-08-31T10:49:31","modified_gmt":"2021-08-31T13:49:31","slug":"transformacao-digital-que-pode-permitir-inovacao-no-setor-eletrico-e-tema-da-aneel-em-evento","status":"publish","type":"post","link":"https:\/\/www.sincomam.org.br\/index.php\/transformacao-digital-que-pode-permitir-inovacao-no-setor-eletrico-e-tema-da-aneel-em-evento\/","title":{"rendered":"Transforma\u00e7\u00e3o digital, que pode permitir inova\u00e7\u00e3o no setor el\u00e9trico, \u00e9 tema da Aneel em evento"},"content":{"rendered":"<p>As perspectivas de transforma\u00e7\u00e3o digital no setor el\u00e9trico brasileiro foram apresentadas pelo diretor da Ag\u00eancia Nacional de Energia El\u00e9trica (Aneel), Sandoval Feitosa, no <em>2\u00ba Summit Online 2021<\/em>, evento promovido pela UTCAL (Utilities Telecom &amp; Tecnology Council da Am\u00e9rica Latina) nesta segunda-feira (30). Ele pontuou que \u201ca transi\u00e7\u00e3o energ\u00e9tica s\u00f3 ser\u00e1 viabilizada por uma transi\u00e7\u00e3o digital que permita a inova\u00e7\u00e3o e o aproveitamento adequado das fontes renov\u00e1veis\u201d.<\/p>\n<p>O diretor destacou a seguran\u00e7a cibern\u00e9tica necess\u00e1ria para acompanhar o crescimento da rede de transmiss\u00e3o nos \u00faltimos 20 anos. Dos 70 mil quil\u00f4metros de linhas de transmiss\u00e3o em 2001, o pa\u00eds passou para 164,8 mil quil\u00f4metros em 2021. \u201cTodos os sistemas de hoje s\u00e3o cada vez mais interligados e remotos\u201d, afirmou Feitosa. \u201cCom os sistemas mais conectados, teremos mais riscos e precisaremos atuar fortemente para n\u00e3o deixar mais vulner\u00e1veis as nossas instala\u00e7\u00f5es el\u00e9tricas\u201d, alertou. Segundo Feitosa, a Aneel concluiu a an\u00e1lise de impacto regulat\u00f3rio e dever\u00e1 aprovar a abertura de consulta p\u00fablica para propor uma pol\u00edtica de seguran\u00e7a cibern\u00e9tica no setor el\u00e9trico.<\/p>\n<p>Entre as demais inova\u00e7\u00f5es tecnol\u00f3gicas estudadas pela Ag\u00eancia est\u00e3o, de acordo com o diretor, a moderniza\u00e7\u00e3o de tarifas, para alternativas tarif\u00e1rias mais modernas e din\u00e2micas; resposta da demanda; gera\u00e7\u00e3o distribu\u00edda; e sistemas de armazenamento.<\/p>\n<p>Fonte: Aneel<\/p>\n","protected":false},"excerpt":{"rendered":"<p>As perspectivas de transforma\u00e7\u00e3o digital no setor el\u00e9trico brasileiro foram apresentadas pelo diretor da Ag\u00eancia Nacional de Energia El\u00e9trica (Aneel), Sandoval Feitosa, no 2\u00ba Summit&#8230;<\/p>\n","protected":false},"author":1527,"featured_media":32749,"comment_status":"closed","ping_status":"closed","sticky":false,"template":"","format":"standard","meta":{"footnotes":""},"categories":[6],"tags":[],"class_list":["post-35588","post","type-post","status-publish","format-standard","has-post-thumbnail","hentry","category-noticias"],"_links":{"self":[{"href":"https:\/\/www.sincomam.org.br\/index.php\/wp-json\/wp\/v2\/posts\/35588","targetHints":{"allow":["GET"]}}],"collection":[{"href":"https:\/\/www.sincomam.org.br\/index.php\/wp-json\/wp\/v2\/posts"}],"about":[{"href":"https:\/\/www.sincomam.org.br\/index.php\/wp-json\/wp\/v2\/types\/post"}],"author":[{"embeddable":true,"href":"https:\/\/www.sincomam.org.br\/index.php\/wp-json\/wp\/v2\/users\/1527"}],"replies":[{"embeddable":true,"href":"https:\/\/www.sincomam.org.br\/index.php\/wp-json\/wp\/v2\/comments?post=35588"}],"version-history":[{"count":1,"href":"https:\/\/www.sincomam.org.br\/index.php\/wp-json\/wp\/v2\/posts\/35588\/revisions"}],"predecessor-version":[{"id":35589,"href":"https:\/\/www.sincomam.org.br\/index.php\/wp-json\/wp\/v2\/posts\/35588\/revisions\/35589"}],"wp:featuredmedia":[{"embeddable":true,"href":"https:\/\/www.sincomam.org.br\/index.php\/wp-json\/wp\/v2\/media\/32749"}],"wp:attachment":[{"href":"https:\/\/www.sincomam.org.br\/index.php\/wp-json\/wp\/v2\/media?parent=35588"}],"wp:term":[{"taxonomy":"category","embeddable":true,"href":"https:\/\/www.sincomam.org.br\/index.php\/wp-json\/wp\/v2\/categories?post=35588"},{"taxonomy":"post_tag","embeddable":true,"href":"https:\/\/www.sincomam.org.br\/index.php\/wp-json\/wp\/v2\/tags?post=35588"}],"curies":[{"name":"wp","href":"https:\/\/api.w.org\/{rel}","templated":true}]}}