{"id":35582,"date":"2021-08-31T10:45:20","date_gmt":"2021-08-31T13:45:20","guid":{"rendered":"http:\/\/www.sincomam.org.br\/?p=35582"},"modified":"2021-08-31T10:47:39","modified_gmt":"2021-08-31T13:47:39","slug":"mercado-registra-desempenho-negativo-em-meio-a-ruidos-politicos-que-afetaram-especialmente-as-acoes-de-bancos","status":"publish","type":"post","link":"https:\/\/www.sincomam.org.br\/index.php\/mercado-registra-desempenho-negativo-em-meio-a-ruidos-politicos-que-afetaram-especialmente-as-acoes-de-bancos\/","title":{"rendered":"Mercado registra desempenho negativo em meio a ru\u00eddos pol\u00edticos que afetaram especialmente as a\u00e7\u00f5es de bancos"},"content":{"rendered":"<p>Ibovespa fechou em queda nesta segunda-feira (30) na contram\u00e3o do bom desempenho das bolsas em Wall Street. Os \u00edndices S&amp;P 500 e Nasdaq bateram recordes hist\u00f3ricos puxados pelas altas de a\u00e7\u00f5es como Microsoft e Netflix, que avan\u00e7aram 1,3%, e Apple, que teve valoriza\u00e7\u00e3o de 3%.<\/p>\n<p>L\u00e1 fora, o otimismo com o discurso do presidente do Federal Reserve, Jerome Powell, no final da semana passada continuou. Powell falou na possibilidade de corte dos est\u00edmulos do Fed no fim de 2021, mas sem perspectiva de eleva\u00e7\u00e3o dos juros nos Estados Unidos ainda.<\/p>\n<p>J\u00e1 aqui, o preg\u00e3o foi marcado por um movimento de corre\u00e7\u00e3o depois do benchmark da B3 se valorizar em mais de 2% ao longo da \u00faltima semana, e por mais preocupa\u00e7\u00f5es com as not\u00edcias que chegam de Bras\u00edlia.<\/p>\n<p>Segundo Gustavo Cruz, estrategista da RB Investimentos, os bancos registraram perdas hoje por receios de mais retalia\u00e7\u00e3o por parte do governo ao setor financeiro depois de not\u00edcias de que a Federa\u00e7\u00e3o Brasileira dos Bancos (Febraban) pretende emitir um manifesto com pedido de harmonia entre os Tr\u00eas Poderes. A Caixa e o Banco do Brasil (BBAS3) deixaram a institui\u00e7\u00e3o em resposta. \u201cPoderia haver alguma medida da reforma tribut\u00e1ria para taxar mais os bancos ou algum outro tipo de vota\u00e7\u00e3o adiante que prejudique o setor por conta dos bancos estarem sendo mais vocais em cr\u00edticas ao governo\u201d, avalia.<\/p>\n<p>Tudo isso ocorre com o pano de fundo das manifesta\u00e7\u00f5es marcadas para o dia 7 de setembro e estimuladas pelo presidente Jair Bolsonaro, que t\u00eam pautas como a defesa do voto impresso em 2022 e o impeachment de ministros do Supremo Tribunal Federal (STF). Entre as commodities, o petr\u00f3leo registrou leves ganhos, mas ficou longe das m\u00e1ximas conforme o furac\u00e3o Ida perdeu for\u00e7a e passou a ser registrado na categoria 1 antes de atingir a terra. O barril do Brent \u2013 usado como refer\u00eancia pela Petrobras \u2013 subiu 0,74% a US$ 73,23. Os investidores est\u00e3o atentos \u00e0 reuni\u00e3o da Organiza\u00e7\u00e3o dos Pa\u00edses Exportadores de Petr\u00f3leo (Opep) na quarta-feira (1).<\/p>\n<p>O Oriente M\u00e9dio tamb\u00e9m \u00e9 destaque por conta da crise do Afeganist\u00e3o depois de membros do Talib\u00e3 aparecerem com armamento dos EUA. Fala-se em mais de 20 mil blindados, dezenas de helic\u00f3pteros, \u00f3culos de vis\u00e3o noturna, fuzis e armas leves deixados pelo ex\u00e9rcito americano no pa\u00eds. Os EUA interceptaram hoje foguetes lan\u00e7ados contra o aeroporto de Cabul.<\/p>\n<p>J\u00e1 no cen\u00e1rio pol\u00edtico, o presidente Jair Bolsonaro continua dobrando a aposta no discurso do confronto, afirmando que as perspectivas para seu futuro s\u00f3 t\u00eam tr\u00eas possibilidades: pris\u00e3o, morte ou vit\u00f3ria.<\/p>\n<p>O mercado tamb\u00e9m voltou a se preocupar com a China, que anunciar\u00e1 novas regras para que empresas de internet do pa\u00eds lancem pap\u00e9is nos EUA, segundo informa\u00e7\u00f5es do Wall Street Journal.<\/p>\n<p>O Ibovespa teve queda de 0,78%, a 119.739 pontos com volume financeiro negociado de R$ 21,478 bilh\u00f5es. O \u00edndice, contudo, amenizou as perdas em compara\u00e7\u00e3o com a m\u00ednima do dia, quando chegou a recuar mais de 1%. Enquanto isso, o d\u00f3lar comercial registrou leve queda de 0,12% a R$ 5,189 na compra e a R$ 5,189 na venda. J\u00e1 o d\u00f3lar futuro com vencimento em setembro tem leve baixa de 0,27% a R$ 5,189.<\/p>\n<p>No mercado de juros futuros, o DI para janeiro de 2022 caiu um ponto-base a 6,74%, o DI para janeiro de 2023 teve queda de quatro pontos-base a 8,41%, o DI para janeiro de 2025 recuou cinco pontos-base a 9,35% e o DI para janeiro de 2027 registrou varia\u00e7\u00e3o negativa de quatro pontos-base a 9,73%.<\/p>\n<p><strong>Relat\u00f3rio Focus<br \/>\n<\/strong>Os economistas do mercado financeiro reduziram novamente suas proje\u00e7\u00f5es para o crescimento do Produto Interno Bruto (PIB) em 2021, revelou o Relat\u00f3rio Focus do Banco Central. De uma expans\u00e3o de 5,27%, agora projeta-se um alta de 5,22%. Para 2022, as expectativas se mantiveram em avan\u00e7o de 2,00%. J\u00e1 em rela\u00e7\u00e3o ao \u00cdndice Nacional de Pre\u00e7os ao Consumidor Amplo (IPCA) de 2021 a m\u00e9dia das estimativas novamente foi elevada, desta vez de 7,11% para 7,27%. Para 2022, por sua vez, as previs\u00f5es subiram de 3,93% para 3,95%.<\/p>\n<p>Sobre o d\u00f3lar, as proje\u00e7\u00f5es tamb\u00e9m foram elevadas, e agora espera-se que a moeda dos Estados Unidos encerre o ano cotada a R$ 5,15, ante os R$ 5,10 previstos na semana passada. Para 2022 as expectativas mantiveram-se em d\u00f3lar a R$ 5,20. Por fim, para a taxa b\u00e1sica de juros, Selic, as estimativas dos economistas continuaram em 7,50% ao ano ao final de 2021 e em 7,50% ao ano tamb\u00e9m ao fim de 2022.<\/p>\n<p><strong>Radar corporativo<br \/>\n<\/strong>Mosaico (MOSI3)<br \/>\nA Mosaico anunciou na sexta-feira o nome de Mauricio Casc\u00e3o como novo CEO do grupo. O executivo entra no lugar de Thiago Flores, que passa a ocupar um assento no Conselho de Administra\u00e7\u00e3o da companhia, como observador.<\/p>\n<p>Petrobras (PETR3; PETR4)<br \/>\nA Petrobras assinou na sexta-feira contrato para a venda da totalidade de sua participa\u00e7\u00e3o acion\u00e1ria de 93,7% na empresa Breitener Energ\u00e9tica S.A. (Breitener), localizada no estado do Amazonas, para a Breitener Holding Participa\u00e7\u00f5es S.A., subsidi\u00e1ria integral da Ceiba Energy LP.<\/p>\n<p>O valor da venda \u00e9 de R$ 304 milh\u00f5es, sendo R$ 251 milh\u00f5es a serem pagos em seu fechamento, sujeito aos ajustes previstos no contrato, e R$ 53 milh\u00f5es em pagamento contingente, atrelado \u00e0 remunera\u00e7\u00e3o futura da Breitener na venda de energia. O fechamento da transa\u00e7\u00e3o est\u00e1 sujeito ao cumprimento de condi\u00e7\u00f5es precedentes, como a aprova\u00e7\u00e3o do Conselho Administrativo de Defesa Econ\u00f4mica (Cade).<\/p>\n<p>Ainda em destaque, acionistas da Petrobras reconduziram sete membros do conselho de administra\u00e7\u00e3o, todos indicados pela Uni\u00e3o, e elegeram um candidato indicado por minorit\u00e1rios, durante assembleia geral na sexta-feira.<\/p>\n<p>Com a elei\u00e7\u00e3o, a Petrobras passar\u00e1 a contar com um total de tr\u00eas membros indicados por minorit\u00e1rios, sete indicados pela Uni\u00e3o e um por trabalhadores, considerando os assentos que n\u00e3o estiveram em jogo nessa reuni\u00e3o. O resultado frustrou expectativas de acionistas minorit\u00e1rios, que conseguiram eleger apenas um nome, Marcelo Gasparino, quando buscavam avan\u00e7ar em mais cadeiras do colegiado. Os minorit\u00e1rios tinham tr\u00eas candidatos.<\/p>\n<p>Vibra Energia (BRDT3)<br \/>\nO conselho de administra\u00e7\u00e3o da Vibra Energia, antiga BR Distribuidora, aprovou na sexta-feira a terceira emiss\u00e3o de deb\u00eantures da companhia, no valor total de R$ 800 milh\u00f5es, informou a empresa em fato relevante. Segundo a Vibra, as deb\u00eantures ter\u00e3o prazo de dez anos a partir da data de emiss\u00e3o, vencendo em 11 de setembro de 2031. Elas ser\u00e3o vinculadas a certificados de receb\u00edveis do agroneg\u00f3cio (CRAs) de emiss\u00e3o da Virgo Companhia de Securitiza\u00e7\u00e3o.<\/p>\n<p>\u201cA emiss\u00e3o das deb\u00eantures est\u00e1 alinhada ao direcionamento estrat\u00e9gico da Companhia de constante avalia\u00e7\u00e3o de alternativas de capta\u00e7\u00e3o de recursos para otimiza\u00e7\u00e3o da sua estrutura de capital e financeira\u201d, afirmou a companhia.<\/p>\n<p>IPO<br \/>\nA provedora de servi\u00e7os de computa\u00e7\u00e3o em nuvem, ciberseguran\u00e7a e dados Claranet Technology pediu registro para uma oferta inicial de a\u00e7\u00f5es (IPO, na sigla em ingl\u00eas), em busca de recursos para crescer via aquisi\u00e7\u00f5es, segundo prospecto da opera\u00e7\u00e3o publicado na sexta-feira na Comiss\u00e3o de Valores Mobili\u00e1rios (CVM). No documento, a Claranet afirma que pretende usar cerca de 84% dos recursos da venda de a\u00e7\u00f5es novas para comprar outras empresas, usando o restante para financiar seu crescimento org\u00e2nico e para pagar despesas<\/p>\n<p>Fonte: Reuters e Estad\u00e3o Conte\u00fado<\/p>\n","protected":false},"excerpt":{"rendered":"<p>Ibovespa fechou em queda nesta segunda-feira (30) na contram\u00e3o do bom desempenho das bolsas em Wall Street. Os \u00edndices S&amp;P 500 e Nasdaq bateram recordes&#8230;<\/p>\n","protected":false},"author":1527,"featured_media":32268,"comment_status":"closed","ping_status":"closed","sticky":false,"template":"","format":"standard","meta":{"footnotes":""},"categories":[6],"tags":[],"class_list":["post-35582","post","type-post","status-publish","format-standard","has-post-thumbnail","hentry","category-noticias"],"_links":{"self":[{"href":"https:\/\/www.sincomam.org.br\/index.php\/wp-json\/wp\/v2\/posts\/35582","targetHints":{"allow":["GET"]}}],"collection":[{"href":"https:\/\/www.sincomam.org.br\/index.php\/wp-json\/wp\/v2\/posts"}],"about":[{"href":"https:\/\/www.sincomam.org.br\/index.php\/wp-json\/wp\/v2\/types\/post"}],"author":[{"embeddable":true,"href":"https:\/\/www.sincomam.org.br\/index.php\/wp-json\/wp\/v2\/users\/1527"}],"replies":[{"embeddable":true,"href":"https:\/\/www.sincomam.org.br\/index.php\/wp-json\/wp\/v2\/comments?post=35582"}],"version-history":[{"count":1,"href":"https:\/\/www.sincomam.org.br\/index.php\/wp-json\/wp\/v2\/posts\/35582\/revisions"}],"predecessor-version":[{"id":35587,"href":"https:\/\/www.sincomam.org.br\/index.php\/wp-json\/wp\/v2\/posts\/35582\/revisions\/35587"}],"wp:featuredmedia":[{"embeddable":true,"href":"https:\/\/www.sincomam.org.br\/index.php\/wp-json\/wp\/v2\/media\/32268"}],"wp:attachment":[{"href":"https:\/\/www.sincomam.org.br\/index.php\/wp-json\/wp\/v2\/media?parent=35582"}],"wp:term":[{"taxonomy":"category","embeddable":true,"href":"https:\/\/www.sincomam.org.br\/index.php\/wp-json\/wp\/v2\/categories?post=35582"},{"taxonomy":"post_tag","embeddable":true,"href":"https:\/\/www.sincomam.org.br\/index.php\/wp-json\/wp\/v2\/tags?post=35582"}],"curies":[{"name":"wp","href":"https:\/\/api.w.org\/{rel}","templated":true}]}}