{"id":35580,"date":"2021-08-31T10:17:15","date_gmt":"2021-08-31T13:17:15","guid":{"rendered":"http:\/\/www.sincomam.org.br\/?p=35580"},"modified":"2021-08-31T10:17:15","modified_gmt":"2021-08-31T13:17:15","slug":"igp-m-acumula-inflacao-de-3112-em-12-meses-e-taxa-de-agosto-ficou-em-066","status":"publish","type":"post","link":"https:\/\/www.sincomam.org.br\/index.php\/igp-m-acumula-inflacao-de-3112-em-12-meses-e-taxa-de-agosto-ficou-em-066\/","title":{"rendered":"IGP-M acumula infla\u00e7\u00e3o de 31,12% em 12 meses e taxa de agosto ficou em 0,66%"},"content":{"rendered":"<p>O \u00cdndice Geral de Pre\u00e7os \u2013 Mercado (IGP-M), usado no reajuste dos contratos de aluguel, registrou infla\u00e7\u00e3o de 0,66% em agosto deste ano, taxa inferior ao 0,78% de julho deste ano e ao 2,74% de agosto de 2020. Segundo a Funda\u00e7\u00e3o Get\u00falio Vargas (FGV), o indicador acumula taxas de infla\u00e7\u00e3o de 16,75% no ano e de 31,12% em 12 meses.<\/p>\n<p>A queda da taxa de julho para agosto foi puxada pelos tr\u00eas sub\u00edndices que comp\u00f5em o IGP-M. O \u00cdndice de Pre\u00e7os ao Produtor Amplo (IPA), que mede o atacado, teve varia\u00e7\u00e3o de 0,66% em agosto, ante 0,71% em julho.<\/p>\n<p>O \u00cdndice de Pre\u00e7os ao Consumidor (IPC), que mede o varejo, teve infla\u00e7\u00e3o de 0,75% em agosto, abaixo do 0,83% em julho. J\u00e1 o \u00cdndice Nacional de Custo da Constru\u00e7\u00e3o (INCC) registrou taxa de 0,56% em agosto, ante 1,24% no m\u00eas anterior.<\/p>\n<p>\u201cSe n\u00e3o fosse a crise h\u00eddrica, o IGP-M apresentaria desacelera\u00e7\u00e3o mais forte. No IPA, culturas afetadas pela estiagem, como milho (-4,58% para 10,97%) e caf\u00e9 (0,04% para 20,98%) registraram forte avan\u00e7o em seus pre\u00e7os. No \u00e2mbito do consumidor, o pre\u00e7o da energia, para a qual \u00e9 esperado novo reajuste em setembro, registrou alta de 3,26%, sendo a principal influ\u00eancia para a infla\u00e7\u00e3o ao consumidor\u201d, disse o pesquisador da FGV Andr\u00e9 Braz.<\/p>\n<p>Fonte: Ag\u00eancia Brasil<\/p>\n","protected":false},"excerpt":{"rendered":"<p>O \u00cdndice Geral de Pre\u00e7os \u2013 Mercado (IGP-M), usado no reajuste dos contratos de aluguel, registrou infla\u00e7\u00e3o de 0,66% em agosto deste ano, taxa inferior&#8230;<\/p>\n","protected":false},"author":1527,"featured_media":18439,"comment_status":"closed","ping_status":"closed","sticky":false,"template":"","format":"standard","meta":{"footnotes":""},"categories":[6],"tags":[],"class_list":["post-35580","post","type-post","status-publish","format-standard","has-post-thumbnail","hentry","category-noticias"],"_links":{"self":[{"href":"https:\/\/www.sincomam.org.br\/index.php\/wp-json\/wp\/v2\/posts\/35580","targetHints":{"allow":["GET"]}}],"collection":[{"href":"https:\/\/www.sincomam.org.br\/index.php\/wp-json\/wp\/v2\/posts"}],"about":[{"href":"https:\/\/www.sincomam.org.br\/index.php\/wp-json\/wp\/v2\/types\/post"}],"author":[{"embeddable":true,"href":"https:\/\/www.sincomam.org.br\/index.php\/wp-json\/wp\/v2\/users\/1527"}],"replies":[{"embeddable":true,"href":"https:\/\/www.sincomam.org.br\/index.php\/wp-json\/wp\/v2\/comments?post=35580"}],"version-history":[{"count":1,"href":"https:\/\/www.sincomam.org.br\/index.php\/wp-json\/wp\/v2\/posts\/35580\/revisions"}],"predecessor-version":[{"id":35581,"href":"https:\/\/www.sincomam.org.br\/index.php\/wp-json\/wp\/v2\/posts\/35580\/revisions\/35581"}],"wp:featuredmedia":[{"embeddable":true,"href":"https:\/\/www.sincomam.org.br\/index.php\/wp-json\/wp\/v2\/media\/18439"}],"wp:attachment":[{"href":"https:\/\/www.sincomam.org.br\/index.php\/wp-json\/wp\/v2\/media?parent=35580"}],"wp:term":[{"taxonomy":"category","embeddable":true,"href":"https:\/\/www.sincomam.org.br\/index.php\/wp-json\/wp\/v2\/categories?post=35580"},{"taxonomy":"post_tag","embeddable":true,"href":"https:\/\/www.sincomam.org.br\/index.php\/wp-json\/wp\/v2\/tags?post=35580"}],"curies":[{"name":"wp","href":"https:\/\/api.w.org\/{rel}","templated":true}]}}