{"id":35569,"date":"2021-08-30T11:07:15","date_gmt":"2021-08-30T14:07:15","guid":{"rendered":"http:\/\/www.sincomam.org.br\/?p=35569"},"modified":"2021-08-30T11:08:02","modified_gmt":"2021-08-30T14:08:02","slug":"meis-podem-contar-com-atendimento-gratuito-para-regularizar-dividas-ate-terca-feira-31-08","status":"publish","type":"post","link":"https:\/\/www.sincomam.org.br\/index.php\/meis-podem-contar-com-atendimento-gratuito-para-regularizar-dividas-ate-terca-feira-31-08\/","title":{"rendered":"MEIs podem contar com atendimento gratuito para regularizar d\u00edvidas at\u00e9 ter\u00e7a-feira (31\/08)"},"content":{"rendered":"<p>Os microempreendedores individuais (MEIs) que est\u00e3o em d\u00edvida no pagamento dos tributos podem contar com os N\u00facleos de Apoio Cont\u00e1bil e Fiscal (NAF) para ajudar na regulariza\u00e7\u00e3o, de forma gratuita. O prazo para que as contas sejam regularizadas \u00e9 ter\u00e7a-feira (31). Caso n\u00e3o quitem os impostos e as obriga\u00e7\u00f5es em atraso, ser\u00e3o inclu\u00eddos na D\u00edvida Ativa da Uni\u00e3o e estar\u00e3o sujeitos a cobran\u00e7a judicial.<\/p>\n<p>O NAF \u00e9 um programa de cidadania fiscal da Receita Federal que estabelece uma parceria com institui\u00e7\u00f5es de ensino superior, unindo conhecimentos t\u00e9cnicos \u00e0 pr\u00e1tica cont\u00e1bil. Esses n\u00facleos oferecem servi\u00e7os cont\u00e1beis e fiscais a pessoas f\u00edsicas de baixa renda, MEI e organiza\u00e7\u00f5es da sociedade civil. De acordo com a Receita Federal, existem mais de 300 n\u00facleos formalizados no Brasil e mais de 200 em 11 pa\u00edses da Am\u00e9rica Latina, inspirados no modelo brasileiro.<\/p>\n<p>Durante a pandemia, h\u00e1 n\u00facleos que est\u00e3o operando de forma remota. Em julho, a Receita Federal divulgou uma lista com os NAF em atendimento remoto e os respectivos contatos.<br \/>\nNo estado do Rio de Janeiro, a Superintend\u00eancia Regional na 7\u00aa Regi\u00e3o Fiscal atualizou a lista recentemente:<\/p>\n<p><strong>Rio de Janeiro<\/strong><br \/>\nNAF Est\u00e1cio Campo Grande \u2013 e-mail: naf.cg@estacio.br<br \/>\nNAF Est\u00e1cio Madureira \u2013 WhatsApp (21) 99634-6298<br \/>\nNAF Est\u00e1cio Queimados \u2013 WhatsApp (21) 98316-9569<br \/>\nNAF Est\u00e1cio Tom Jobim \u2013 e-mail: naf.tomjobim@estacio.br<br \/>\nNAF IBMR Barra \u2013 e-mail: nafibmr@gmail.com<br \/>\nNAF UniS\u00e3oJos\u00e9 Realengo \u2013 WhatsApp (21) 99632-5153 \/ e-mail: emenezes@saojose.br<br \/>\nNAF Unisuam Bonsucesso \u2013 e-mail: polen@unisuam.edu.br<br \/>\nNAF Est\u00e1cio Nova Am\u00e9rica \u2013 WhatsApp (21) 98131-1785 \/ e-mail: naf_novaamerica@estacio.br<br \/>\nNiter\u00f3i:<br \/>\nNAF Unilasalle \u2013 WhatsApp (21) 97144-5639<br \/>\n<strong><br \/>\nMaca\u00e9<\/strong><br \/>\nNAF UFF Maca\u00e9 \u2013 WhatsApp (21) 98688-9000 \/ e-mail: naf.macae@gmail.com<\/p>\n<p><strong>Regulariza\u00e7\u00e3o das d\u00edvidas<\/strong><br \/>\nA partir de setembro, a Receita Federal enviar\u00e1 para inscri\u00e7\u00e3o em D\u00edvida Ativa da Uni\u00e3o as d\u00edvidas de impostos de microempreendedores individuais que estejam devendo desde 2016 ou h\u00e1 mais tempo. Segundo a Receita, a a\u00e7\u00e3o \u00e9 necess\u00e1ria para que os d\u00e9bitos n\u00e3o prescrevam. O \u00f3rg\u00e3o explica que os MEIs que tiverem apenas d\u00edvidas recentes, em raz\u00e3o das dificuldades trazidas pela pandemia, n\u00e3o ser\u00e3o afetados. Tamb\u00e9m n\u00e3o ser\u00e3o inscritas as d\u00edvidas de quem realizou parcelamento neste ano, mesmo que haja alguma parcela em atraso ou que o parcelamento tenha sido rescindido.<\/p>\n<p>O MEI, que tiver d\u00edvidas em aberto com a Receita Federal, pode fazer o parcelamento acessando o e-CAC ou o Portal do Simples Nacional. As orienta\u00e7\u00f5es est\u00e3o dispon\u00edveis na internet. Ap\u00f3s a inscri\u00e7\u00e3o, as d\u00edvidas poder\u00e3o ser pagas ou parceladas junto \u00e0 Procuradoria-Geral da Fazenda Nacional pelo portal de servi\u00e7os, por meio do Regularize.<br \/>\nA Receita Federal divulgou um v\u00eddeo orientando como o contribuinte pode fazer o parcelamento sem precisar sair de casa.<\/p>\n<p>Segundo a Receita, existem 4,3 milh\u00f5es de microempreendedores inadimplentes, que devem R$ 5,5 bilh\u00f5es ao governo. Isso equivale a quase um ter\u00e7o dos 12,4 milh\u00f5es de MEI registrados no pa\u00eds. No entanto, a inscri\u00e7\u00e3o na d\u00edvida ativa s\u00f3 vale para d\u00edvidas n\u00e3o quitadas superiores a R$ 1 mil, somando principal, multa, juros e demais encargos. Atualmente, 1,8 milh\u00e3o de MEIs nessa situa\u00e7\u00e3o devem R$ 4,5 bilh\u00f5es.<\/p>\n<p>Para saber se est\u00e3o em d\u00edvida, os empreendedores podem consultar os d\u00e9bitos que est\u00e3o sendo cobrados na internet pelo endere\u00e7o do Simples Nacional, com certificado digital ou c\u00f3digo de acesso, na op\u00e7\u00e3o &#8220;Consulta Extrato\/Pend\u00eancias &gt; Consulta Pend\u00eancias no Simei\u201d.<\/p>\n<p>Os MEIs est\u00e3o sujeitos a um regime simplificado de tributa\u00e7\u00e3o, recolhem apenas a contribui\u00e7\u00e3o para a Previd\u00eancia Social e pagam, dependendo do ramo de atua\u00e7\u00e3o, o Imposto sobre a Circula\u00e7\u00e3o de Mercadorias e Servi\u00e7os (ICMS) ou o Imposto sobre Servi\u00e7os (ISS). O ICMS \u00e9 recolhido aos estados; e o ISS, \u00e0s prefeituras.<\/p>\n<p>Fonte: Ag\u00eancia Brasil<\/p>\n","protected":false},"excerpt":{"rendered":"<p>Os microempreendedores individuais (MEIs) que est\u00e3o em d\u00edvida no pagamento dos tributos podem contar com os N\u00facleos de Apoio Cont\u00e1bil e Fiscal (NAF) para ajudar&#8230;<\/p>\n","protected":false},"author":1527,"featured_media":18121,"comment_status":"closed","ping_status":"closed","sticky":false,"template":"","format":"standard","meta":{"footnotes":""},"categories":[6],"tags":[],"class_list":["post-35569","post","type-post","status-publish","format-standard","has-post-thumbnail","hentry","category-noticias"],"_links":{"self":[{"href":"https:\/\/www.sincomam.org.br\/index.php\/wp-json\/wp\/v2\/posts\/35569","targetHints":{"allow":["GET"]}}],"collection":[{"href":"https:\/\/www.sincomam.org.br\/index.php\/wp-json\/wp\/v2\/posts"}],"about":[{"href":"https:\/\/www.sincomam.org.br\/index.php\/wp-json\/wp\/v2\/types\/post"}],"author":[{"embeddable":true,"href":"https:\/\/www.sincomam.org.br\/index.php\/wp-json\/wp\/v2\/users\/1527"}],"replies":[{"embeddable":true,"href":"https:\/\/www.sincomam.org.br\/index.php\/wp-json\/wp\/v2\/comments?post=35569"}],"version-history":[{"count":1,"href":"https:\/\/www.sincomam.org.br\/index.php\/wp-json\/wp\/v2\/posts\/35569\/revisions"}],"predecessor-version":[{"id":35570,"href":"https:\/\/www.sincomam.org.br\/index.php\/wp-json\/wp\/v2\/posts\/35569\/revisions\/35570"}],"wp:featuredmedia":[{"embeddable":true,"href":"https:\/\/www.sincomam.org.br\/index.php\/wp-json\/wp\/v2\/media\/18121"}],"wp:attachment":[{"href":"https:\/\/www.sincomam.org.br\/index.php\/wp-json\/wp\/v2\/media?parent=35569"}],"wp:term":[{"taxonomy":"category","embeddable":true,"href":"https:\/\/www.sincomam.org.br\/index.php\/wp-json\/wp\/v2\/categories?post=35569"},{"taxonomy":"post_tag","embeddable":true,"href":"https:\/\/www.sincomam.org.br\/index.php\/wp-json\/wp\/v2\/tags?post=35569"}],"curies":[{"name":"wp","href":"https:\/\/api.w.org\/{rel}","templated":true}]}}